{"id":1649,"date":"2024-12-18T17:15:53","date_gmt":"2024-12-18T14:15:53","guid":{"rendered":"https:\/\/sefedu.com.tr\/index.php\/2024\/12\/18\/cocuklar-dili-nasil-ogrenir\/"},"modified":"2024-12-18T17:15:53","modified_gmt":"2024-12-18T14:15:53","slug":"cocuklar-dili-nasil-ogrenir","status":"publish","type":"post","link":"https:\/\/sefedu.com.tr\/index.php\/2024\/12\/18\/cocuklar-dili-nasil-ogrenir\/","title":{"rendered":"\u00c7ocuklar Dili Nas\u0131l \u00d6\u011frenir? 2024 [Detayl\u0131 Rehber]"},"content":{"rendered":"<h1>\u00c7ocuklar Dili Nas\u0131l \u00d6\u011frenir?<\/p>\n<p>Dil \u00f6\u011frenme, \u00e7ocuklar\u0131n geli\u015fiminde \u00f6nemli bir yere sahiptir. Bu s\u00fcre\u00e7te, <strong>bebekler<\/strong> ilk sesleri duyduklar\u0131nda ba\u015flar. Bu sesler, onlar\u0131n <strong><strong>ileti\u015fim<strong><strong> kurma yeteneklerinin temelini olu\u015fturur. Peki, \u00e7ocuklar bu s\u00fcreci nas\u0131l ger\u00e7ekle\u015ftirir? \u0130\u015fte bu konuda bilmeniz gerekenler ve etkili y\u00f6ntemler. <\/p>\n<p>\u0130lginizi \u00c7ekebilir: <a href='https:\/\/sefedu.com.tr\/index.php\/2024\/12\/17\/cocuklar-ingilizce-kursuna-ne-zaman-baslamali\/'>&#8216;\u00c7ocuklar \u0130\u00e7in \u0130ngilizce Kursuna Ba\u015flama Zaman\u0131 2024 [Detayl\u0131 Rehber]&#8217;<\/a><\/p>\n<p><img src='https:\/\/sefedu.com.tr\/wp-content\/uploads\/2024\/12\/g01f2f5c2597bafc32dea0ceb7d641b5dd3c2843744235b9671eadf1ba8ba79c8c787f0b7161e16ea52151e8e7d66317da7a6ab23ffb15cf35706c23d7e34ea4f_1280.jpg.jpg' alt='\u00c7ocuklar dili nas\u0131l \u00f6\u011frenir?' style='max-width:100%; height:auto;'><\/p>\n<h2>Beynimiz Yeni Bir Dili Nas\u0131l \u00d6\u011freniyor?<\/p>\n<p>Beyin, dil \u00f6\u011frenme s\u00fcrecinde aktif bir rol oynar. \u00c7ocuklar, \u00e7evrelerinden duyduklar\u0131 sesleri ve kelimeleri taklit ederek \u00f6\u011frenirler. <strong><strong>Taklit<strong><strong>, dil \u00f6\u011freniminde olduk\u00e7a etkili bir ara\u00e7t\u0131r. \u00c7ocuk, etraf\u0131ndakileri izleyerek ve onlar\u0131n konu\u015fmalar\u0131n\u0131 dinleyerek \u00f6\u011frendiklerini zihninde depolar. K\u0131saca, beynimiz s\u00fcrekli olarak duydu\u011fu sesleri ve kelimeleri inceleyip bunlar aras\u0131nda ba\u011flant\u0131lar kurar.<\/p>\n<p>Ancak mesele sadece sesleri duymaktan ibaret de\u011fil. \u00c7ocuklar, ya\u015flar\u0131 ilerledik\u00e7e yeni kelimeleri ve ifadeleri daha <strong><strong>etkili<strong><strong> bir \u015fekilde \u00f6\u011frenir. <strong><strong>Pasif \u00f6\u011frenme<strong><strong>, \u00e7ocuklar\u0131n dil geli\u015fiminde rol oynayan bir di\u011fer \u00f6nemli fakt\u00f6rd\u00fcr. Pasif \u00f6\u011frenme, \u00e7ocuklar\u0131n duyduklar\u0131 ve g\u00f6zlemledikleri \u015feyleri fark etmemesi anlam\u0131na gelmez; daha ziyade, bu bilgiyi \u00f6\u011frenme s\u00fcrecinde kullanabilmeleridir. Nitekim, \u00e7ocuklar\u0131n ileti\u015fim becerileri zamanla geli\u015fir ve zihinlerinde daha karma\u015f\u0131k dil yap\u0131lar\u0131 olu\u015fur.<\/p>\n<h2>Bebeklerde Dil \u00d6\u011frenimi<\/p>\n<p>Bebeklerin ilk kelimeleri s\u00f6kt\u00fckleri d\u00f6nem, her ebeveynin merakla bekledi\u011fi bir an\u0131d\u0131r. Bebekler, genellikle 12-18 ay aras\u0131nda kendi kelimelerini kullanmaya ba\u015flarlar. Bu a\u015famada, \u00e7evresindeki insanlar\u0131n konu\u015fmalar\u0131n\u0131 dikkatle dinleyip taklit etmeye \u00e7al\u0131\u015f\u0131rlar. <strong><strong>Heceler<strong><strong> ve basit kelimeler ile ba\u015flarlar.  \u0130lk kelimeler genellikle \u201canne\u201d, \u201cbaba\u201d gibi yak\u0131nlar\u0131na hitap eden s\u00f6zc\u00fcklerdir.<\/p>\n<p>Bebekler, <strong><strong>sesler<strong><strong> ile oynayarak dil \u00f6\u011frenme s\u00fcrecinin temellerini atar. Renkli oyuncaklar ve e\u011flenceli sesler, onlar\u0131n dikkatini \u00e7eker ve dil \u00f6\u011frenimini destekler. Ebeveynlerin, bebekleriyle s\u0131k s\u0131k konu\u015fmas\u0131 ve \u015fark\u0131 s\u00f6ylemesi, bu s\u00fcre\u00e7teki en etkili yolard\u0131r. \u0130leti\u015fim, bebeklerin dil yeteneklerini geli\u015ftirmelerine katk\u0131 sa\u011flar. Bu nedenle, ebeveynlerin \u00e7ocuklar\u0131yla etkile\u015fimde bulunmas\u0131 olduk\u00e7a \u00f6nemlidir.<\/p>\n<h2>Her Ya\u015fta Dil \u00d6\u011frenilebilir mi?<\/p>\n<p>Bir\u00e7ok insan, belirli bir ya\u015f\u0131n alt\u0131nda dil \u00f6\u011frenmenin daha kolay oldu\u011funu d\u00fc\u015f\u00fcn\u00fcr. Ancak, bu do\u011fru bir yakla\u015f\u0131m de\u011fildir. Asl\u0131nda, insanlar her ya\u015fta yeni bir dil \u00f6\u011frenme yetisine sahiptir. Ancak, ya\u015f ilerledik\u00e7e \u00f6\u011frenme s\u00fcrecinde baz\u0131 zorluklar ortaya \u00e7\u0131kabilir. \u00d6rne\u011fin, gen\u00e7 bireyler, daha fazla \u00f6\u011frenme yetisi ve \u00e7evrelerinden duyduklar\u0131 dilin n\u00fcanslar\u0131n\u0131 daha kolay kavrayabilirler. Yine de, yeti\u015fkin bireyler de yeni diller \u00f6\u011frenebilir. <\/p>\n<p>Dil kurslar\u0131n\u0131 d\u00fc\u015f\u00fcnen yeti\u015fkinler, genellikle ba\u015flang\u0131\u00e7ta zorluk \u00e7ekebilirler. Ancak disiplinli bir \u00e7al\u0131\u015fma ve do\u011fru y\u00f6ntemlerle, yeni bir dili \u00f6\u011frenme s\u00fcrecinde ba\u015far\u0131l\u0131 olabilirler. <strong><strong>Modern dil e\u011fitimi<strong><strong> y\u00f6ntemleri, yeti\u015fkinlerin \u00f6\u011frenme s\u00fcrecini kolayla\u015ft\u0131rmaktad\u0131r. Online platformlar ve dil uygulamalar\u0131, esnek bir \u00f6\u011frenme ortam\u0131 sunarak istedikleri zamanda ve yerde pratik yapma imk\u00e2n\u0131 sa\u011flar.<\/p>\n<h2>&#8220;Bir Lisan, Bir \u0130nsan&#8221;<\/p>\n<p>T\u00fcrk atas\u00f6z\u00fc \u201cBir lisan, bir insan; iki lisan, iki insan\u201d ifadesi, dil \u00f6\u011frenmenin \u00f6nemini vurgular. Bir dil \u00f6\u011frenmek, bireyin d\u00fc\u015f\u00fcnce d\u00fcnyas\u0131n\u0131 zenginle\u015ftirirken, ileti\u015fim becerilerini de g\u00fc\u00e7lendirir. \u00c7ocuklar, iki dilli bir ortamda b\u00fcy\u00fcd\u00fcklerinde, d\u00fcnya g\u00f6r\u00fc\u015fleri geni\u015fler ve farkl\u0131 k\u00fclt\u00fcrleri tan\u0131ma f\u0131rsat\u0131 bulurlar. <\/p>\n<p><strong><strong>K\u00fclt\u00fcr<strong><strong> ve dil, birbirini besleyen unsurlard\u0131r. Yabanc\u0131 bir dil \u00f6\u011frenen \u00e7ocuklar, ayn\u0131 zamanda o dilin k\u00fclt\u00fcr\u00fcn\u00fc de ke\u015ffederler. Bu nedenle, \u00e7ocuklar\u0131n\u0131za erken ya\u015fta yabanc\u0131 diller \u00f6\u011fretmek, onlar\u0131n sosyal becerilerini geli\u015ftirmelerine yard\u0131mc\u0131 olur. Ayr\u0131ca, \u00e7ok dilli bireyler, farkl\u0131 bak\u0131\u015f a\u00e7\u0131lar\u0131yla olaylara yakla\u015fma yetene\u011fi kazan\u0131rlar.<\/p>\n<h2>\u00c7ocuklarda Yabanc\u0131 Dil E\u011fitiminin \u00d6nemi<\/p>\n<p>Yabanc\u0131 dil e\u011fitimi, \u00e7ocuklar\u0131n bili\u015fsel geli\u015fimlerini olumlu \u015fekilde etkiler. Dil \u00f6\u011frenme, \u00e7ocuklar\u0131n zihinlerini yeni bilgileri i\u015flemeye haz\u0131r hale getirir. Bu s\u00fcre\u00e7, \u00e7ocuklar\u0131n \u00f6\u011frenme yetisini art\u0131r\u0131r. Ayr\u0131ca, yabanc\u0131 dil bilgisi, \u00e7ocuklar\u0131n ilerideki e\u011fitim hayatlar\u0131nda ve kariyerlerinde b\u00fcy\u00fck avantaj sa\u011flar.<\/p>\n<p>G\u00fcn\u00fcm\u00fczde, dil \u00f6\u011frenme ihtiyac\u0131 sadece akademik ba\u015far\u0131 i\u00e7in de\u011fil, ayn\u0131 zamanda sosyal yetkinlikler i\u00e7in de \u00f6nemli hale gelmi\u015ftir. Farkl\u0131 k\u00fclt\u00fcrleri tan\u0131mak, \u00e7ocuklar\u0131n empati ve ho\u015fg\u00f6r\u00fc gibi de\u011ferleri geli\u015ftirmesine yard\u0131mc\u0131 olur. Ayr\u0131ca, yabanc\u0131 bir dilde d\u00fc\u015f\u00fcnme, yarat\u0131c\u0131 d\u00fc\u015f\u00fcnme becerilerini de destekler.<\/p>\n<h2>\u00c7ocuklarda Yabanc\u0131 Dil E\u011fitimine Ne Zaman Ba\u015flanmal\u0131?<\/p>\n<p>\u00c7ocuklar en etkili \u015fekilde yabanc\u0131 dil \u00f6\u011frenme s\u00fcrecine ne zaman ba\u015flamal\u0131? Bir\u00e7ok uzman, dil \u00f6\u011frenim i\u00e7in en ideal ya\u015f\u0131n 2-3 ya\u015f aras\u0131 oldu\u011funu belirtmektedir. Bu ya\u015flarda, \u00e7ocuklar dilin temel yap\u0131 ta\u015flar\u0131n\u0131 olu\u015fturan sesleri ve kelimeleri h\u0131zla kavrayabilirler. Dolay\u0131s\u0131yla, erken ya\u015fta yabanc\u0131 dil e\u011fitimi ba\u015flatmak, \u00f6\u011frenme s\u00fcrecinde avantaj sa\u011flar.<\/p>\n<p>Ebeveynlerin \u00e7ocuklar\u0131na yabanc\u0131 dille ilgili kitaplar okumas\u0131, \u015fark\u0131lar dinletmesi veya \u00e7ocuklar\u0131 dil etkinliklerine kat\u0131lmaya te\u015fvik etmesi, dil \u00f6\u011frenme s\u00fcrecini h\u0131zland\u0131r\u0131r. Ayr\u0131ca, \u00e7ocuklar\u0131n yabanc\u0131 dil konu\u015fulan ortamlarda bulunmas\u0131, dilin g\u00fcnl\u00fck hayatta nas\u0131l kullan\u0131ld\u0131\u011f\u0131n\u0131 g\u00f6rmelerini sa\u011flar ve \u00f6\u011frenme s\u00fcre\u00e7lerine katk\u0131da bulunur.<\/p>\n<h2>Yabanc\u0131 Dil \u00d6\u011freniminde Erken D\u00f6nem<\/p>\n<p>Erken d\u00f6nem, dil \u00f6\u011frenimi i\u00e7in kritik bir s\u00fcre\u00e7tir. Ya\u015f, bireyin dili ne kadar kolay \u00f6\u011frenebilece\u011fini etkileyen bir fakt\u00f6rd\u00fcr. Gen\u00e7 ya\u015fta yabanc\u0131 dil \u00f6\u011frenen \u00e7ocuklar, genellikle yeti\u015fkinlere g\u00f6re daha h\u0131zl\u0131 ve etkili bir \u015fekilde bu dilleri benimsiyorlar. \u00dcstelik, erken d\u00f6nem e\u011fitimi, \u00e7ocuklar\u0131n kendi ana dillerini daha iyi kavramalar\u0131na da yard\u0131mc\u0131 olur.<\/p>\n<p>\u00c7ocuklar\u0131n yabanc\u0131 dilleri oyun ve e\u011flenceli aktiviteler arac\u0131l\u0131\u011f\u0131yla \u00f6\u011frenmeleri, \u00f6\u011frenme s\u00fcre\u00e7lerini daha keyifli hale getirir. Oyunlarla yabanc\u0131 dil \u00f6\u011frenimi, onlar\u0131n ilgisini \u00e7ekerek motivasyonlar\u0131n\u0131 art\u0131r\u0131r. E\u011flenceli y\u00f6ntemlerle yap\u0131lan dil e\u011fitimi, \u00e7ocuklar\u0131n motivasyonunu y\u00fckseltir ve \u00f6\u011frenme s\u00fcre\u00e7lerine olumlu katk\u0131 sa\u011flar.<\/p>\n<h2>Yabanc\u0131 Dil E\u011fitimine Nas\u0131l Ba\u015flanmal\u0131?<\/p>\n<p>Yabanc\u0131 dil e\u011fitimine ba\u015flamak i\u00e7in do\u011fru y\u00f6ntemleri belirlemek \u00f6nemlidir. Ebeveynler, \u00e7ocuklar\u0131n\u0131n en iyi \u015fekilde \u00f6\u011frenebilmesi i\u00e7in \u00e7e\u015fitli kaynaklar kullanabilirler. Yabanc\u0131 dil kurslar\u0131, online dersler ya da uygulamalar, \u00e7ocuklar\u0131n yabanc\u0131 dille tan\u0131\u015fmalar\u0131na yard\u0131mc\u0131 olur. Ancak, e\u011flenceli ve interaktif i\u00e7erikler tercih edilmelidir.<\/p>\n<p>Oyunlar, \u015fark\u0131lar ve deneyimler, \u00e7ocuklar\u0131n yabanc\u0131 dil \u00f6\u011freniminde dikkate al\u0131nmas\u0131 gereken unsurlard\u0131r. \u00d6zellikle oyunlarla dolu bir e\u011fitim s\u00fcreci, memnuniyet yarat\u0131r ve \u00e7ocuklar\u0131n dil \u00f6\u011frenme konusunda daha istekli hale gelmesine yard\u0131mc\u0131 olur. <\/p>\n<p>\u0130lginizi \u00c7ekebilir: <a href='https:\/\/sefedu.com.tr\/index.php\/2024\/12\/17\/oyun-oynamak-ingilizce-gelistirir-mi\/'>&#8216;Oyun Oynayarak \u0130ngilizce Geli\u015ftirme Y\u00f6ntemleri 2024 [G\u00fcncel Rehber]&#8217;<\/a><\/p>\n<p><img src='https:\/\/sefedu.com.tr\/wp-content\/uploads\/2024\/12\/g8b022bdaf9eaf4b2432d9a33f58edf9e7c47591bfa52b131a683fffc59e6a8493184c67ea1f1f9cdb6643f69272d313be8225add947c9ab6abdcf460f267fdd0_1280.jpg.jpg' alt='\u00c7ocuklar dili nas\u0131l \u00f6\u011frenir?' style='max-width:100%; height:auto;'><\/p>\n<h2>\u00c7ocuklarda Yabanc\u0131 Dil Konu\u015fma Korkusu<\/p>\n<p>Bazen \u00e7ocuklar, yeni \u00f6\u011frendikleri bir dili konu\u015fmaktan \u00e7ekinebilirler. <strong><strong>\u0130leti\u015fim<strong><strong> kayg\u0131s\u0131, \u00e7ocuklar\u0131n dil \u00f6\u011frenme s\u00fcrecini olumsuz etkileyebilir. Bu kayg\u0131y\u0131 yenmek i\u00e7in, ebeveynlerin ve \u00f6\u011fretmenlerin destekleyici bir yakla\u015f\u0131m sergilemesi \u00f6nemlidir. \u00c7ocuklar\u0131n hata yapma korkusu olmaks\u0131z\u0131n ileti\u015fim kurmalar\u0131n\u0131 sa\u011flamak, \u00f6\u011frenme s\u00fcrecine olumlu katk\u0131 sunar.<\/p>\n<p>E\u011flenceli aktivitelerle \u00e7ocuklara konu\u015fma f\u0131rsatlar\u0131 sunuldu\u011funda, kayg\u0131lar\u0131 azal\u0131r ve kendilerine g\u00fcvenleri artar. Ayr\u0131ca, arkada\u015f ortam\u0131nda yabanc\u0131 dil konu\u015fma prati\u011fi, onlar\u0131n kayg\u0131lar\u0131n\u0131 azalt\u0131r ve \u00f6\u011frenme s\u00fcre\u00e7lerini h\u0131zland\u0131r\u0131r.<\/p>\n<h2>Yabanc\u0131 Dile Maruz Kalma<\/p>\n<p>Dil \u00f6\u011freniminde, bireylerin dilin konu\u015fuldu\u011fu bir ortamda bulunmalar\u0131 b\u00fcy\u00fck bir avantaj sa\u011flar. \u00c7ocuklar, yabanc\u0131 dile s\u00fcrekli olarak maruz kald\u0131klar\u0131nda, bu dili daha h\u0131zl\u0131 bir \u015fekilde \u00f6\u011frenirler. Seyahatler, k\u00fclt\u00fcrel etkinlikler veya dil kamplar\u0131, \u00e7ocuklar\u0131n yabanc\u0131 dille olan etkile\u015fimlerini art\u0131r\u0131r.<\/p>\n<p>\u00c7ocuklar\u0131n yabanc\u0131 dil konu\u015fulan ortamlara kat\u0131lmas\u0131, onlar\u0131n toplumsal becerilerini geli\u015ftirir. Bu sayede \u00e7ocuklar, duyduklar\u0131 dilleri deneyimleyerek \u00f6\u011frenirler. Dilin ger\u00e7ek ya\u015famda nas\u0131l kullan\u0131ld\u0131\u011f\u0131n\u0131 g\u00f6rmek, \u00f6\u011frenme s\u00fcre\u00e7lerini daha da peki\u015ftirir.<\/p>\n<h2>Oyunlarla Yabanc\u0131 Dil \u00d6\u011frenimi<\/p>\n<p>Tan\u0131d\u0131k oyunlarla yabanc\u0131 dil \u00f6\u011frenimi, bir\u00e7ok avantaj sunar. \u00c7ocuklar, oyun oynarken dil \u00f6\u011frenme s\u00fcrecinden daha fazla keyif al\u0131rlar. E\u011flenceli ve \u00f6\u011fretici oyunlar, kelimeler ve ifadeleri ak\u0131lda tutmay\u0131 kolayla\u015ft\u0131r\u0131r. Ayr\u0131ca, oyunlar yard\u0131m\u0131yla \u00e7ocuklar, dilin kurallar\u0131n\u0131 \u00f6\u011frenirken, dikkatlerini toplamakta da kolayl\u0131k sa\u011flar.<\/p>\n<p>\u0130interaktif ve grup etkinlikleri, \u00e7ocuklar\u0131n birlikte \u00f6\u011frenme becerilerini geli\u015ftirir. Bu t\u00fcr oyunlar, onlar\u0131n sosyal becerilerini de g\u00fc\u00e7lendirir. Yabanc\u0131 dil \u00f6\u011frenmenin amac\u0131 sadece akademik ba\u015far\u0131 de\u011fil, ayn\u0131 zamanda ileti\u015fim ve sosyal etkile\u015fim becerileridir.<\/p>\n<h2>Seyahat ve Yabanc\u0131 Dil \u00d6\u011frenimi<\/p>\n<p>Yabanc\u0131 dil \u00f6\u011freniminde seyahat etmek, harika bir f\u0131rsatt\u0131r. Farkl\u0131 \u00fclkelere seyahat eden \u00e7ocuklar, yerel halkla ileti\u015fim kurar ve k\u00fclt\u00fcrel deneyimler edinirler. Bu deneyimler, dil \u00f6\u011frenme s\u00fcrecine b\u00fcy\u00fck katk\u0131 sa\u011flar. Seyahat ederek \u00f6\u011frendikleri kelimeleri ve ifadeleri g\u00fcnl\u00fck ya\u015famlar\u0131nda kullanma imk\u00e2n\u0131 bulurlar.<\/p>\n<p>Seyahat, sadece dil \u00f6\u011frenmenin de\u011fil, farkl\u0131 k\u00fclt\u00fcrleri tan\u0131man\u0131n da yollar\u0131ndan biridir. \u00c7ocuklar, yeni yerler ke\u015ffederken sosyal yeteneklerini geli\u015ftirir ve d\u00fcnya g\u00f6r\u00fc\u015fleri geni\u015fler.<\/p>\n<h2>Dijital \u0130\u00e7erikler ve Yabanc\u0131 Dil<\/p>\n<p>G\u00fcn\u00fcm\u00fczde \u00e7ocuklar, teknoloji sayesinde yabanc\u0131 dillerle tan\u0131\u015fmakta daha avantajl\u0131lar. \u0130nternet ve dijital \u00f6\u011frenme ara\u00e7lar\u0131, yabanc\u0131 dil e\u011fitiminde \u00f6nemli bir yere sahiptir. Uygulamalar ve online kaynaklar, \u00e7ocuklar\u0131n kendi h\u0131zlar\u0131nda \u00f6\u011frenmelerini sa\u011flar. Bu, onlar\u0131n dil \u00f6\u011frenme s\u00fcre\u00e7lerini daha konforlu hale getirir.<\/p>\n<p>Dijital i\u00e7erikler, \u00e7ocuklar i\u00e7in e\u011flenceli ve ilgi \u00e7ekici bir \u00f6\u011frenme ortam\u0131 sunar. Ayr\u0131ca, oyunlar ve etkile\u015fimli dersler, \u00f6\u011frenme s\u00fcrecini h\u0131zland\u0131rmak i\u00e7in etkili y\u00f6ntemlerdir. Bu t\u00fcr i\u00e7eriklerle \u00e7ocuklar, \u00f6\u011frenmeye daha istekli hale gelirler.<\/p>\n<h2>\u00c7ocuklarda Yabanc\u0131 Dilde Kazan\u0131m\u0131n Kariyer Geli\u015fimi \u00dczerindeki Etkisi<\/p>\n<p>Yabanc\u0131 dil, \u00e7ocuklar\u0131n kariyer geli\u015fiminde b\u00fcy\u00fck bir etkiye sahiptir. Yenilik\u00e7i i\u015fler, global bir anlay\u0131\u015f gerektiren alanlarda \u00e7al\u0131\u015fmay\u0131 da beraberinde getirir. \u0130leri d\u00fczey dil bilgisine sahip olan bireyler, \u00f6ne \u00e7\u0131kma f\u0131rsat\u0131na sahip oluyorlar. Ayr\u0131ca, iki veya daha fazla dil bilmek, i\u015f hayat\u0131nda b\u00fcy\u00fck bir avantaj sa\u011flar. <\/p>\n<p>Kariyer planlamas\u0131 yaparken, \u00e7ocuklara dil \u00f6\u011frenme konusunda destek olmak, gelecekteki f\u0131rsatlar\u0131 art\u0131racakt\u0131r. \u0130\u015f d\u00fcnyas\u0131nda farkl\u0131 dillerde ileti\u015fim kurmak, ba\u015far\u0131l\u0131 bir kariyerin kap\u0131lar\u0131n\u0131 aralayabilir.<\/p>\n<h2>Okul \u00d6ncesi D\u00f6nemde Kariyer Plan\u0131<\/p>\n<p>Okul \u00f6ncesi d\u00f6nemde yabanc\u0131 dil \u00f6\u011frenimi, \u00e7ocuklar\u0131n gelecekteki kariyer planlamalar\u0131nda \u00f6nemli bir yer tutar. Bu d\u00f6nemde kazand\u0131klar\u0131 dil becerileri, onlar\u0131n akademik ve sosyal ya\u015famlar\u0131n\u0131 olumlu etkileyecektir. Ayr\u0131ca, erken ya\u015fta dil e\u011fitimi alan \u00e7ocuklar, \u00f6\u011frenme s\u00fcre\u00e7lerinde daha az kayg\u0131 ya\u015f\u0131yorlar.<\/p>\n<p>Gelecekteki kariyerlerinde ba\u015far\u0131 i\u00e7in, \u00e7ocuklar\u0131n dil \u00f6\u011frenmeye yatk\u0131nl\u0131klar\u0131 te\u015fvik edilmelidir. Bu, onlar\u0131n ki\u015fisel ve profesyonel geli\u015fimlerine katk\u0131 sa\u011flar.<\/p>\n<p>Dil \u00f6\u011frenimi, \u00e7ocuklar\u0131n hayat\u0131na y\u00f6n veren bir s\u00fcre\u00e7tir. Bu s\u00fcre\u00e7te aile ve \u00f6\u011fretmenlerin deste\u011fi, \u00f6\u011frenme s\u00fcrecinin en \u00f6nemli par\u00e7alar\u0131ndan biridir. \u00c7ocuklar\u0131 erken ya\u015fta yabanc\u0131 dillere maruz b\u0131rakmak, onlar\u0131n geli\u015fiminde b\u00fcy\u00fck bir etki yarat\u0131r. E\u011flenceli ve etkili \u00f6\u011frenim y\u00f6ntemleriyle bu s\u00fcre\u00e7 desteklenmelidir.<\/p>\n<p>\u0130lginizi \u00c7ekebilir: <a href='https:\/\/sefedu.com.tr\/index.php\/2024\/12\/17\/3-ayda-ingilizce-ogrenmek-mumkun-mu\/'>&#8216;\u0130ngilizceyi 3 Ayda \u00d6\u011frenme Y\u00f6ntemleri 2024 [Detayl\u0131 Rehber]&#8217;<\/a><br \/>\n<img src='https:\/\/sefedu.com.tr\/wp-content\/uploads\/2024\/12\/g9f46e5e9edceb73199146c7b426eda9517792bdefd55872d82edc58f02ba8243c6a95de1f22ff06c00e17f719cc62f38579c163afdec08d057700d43868f7b96_1280.jpg.jpg' alt='\u00c7ocuklar dili nas\u0131l \u00f6\u011frenir?' style='max-width:100%; height:auto;'><\/p>\n<p>Yabanc\u0131 dil \u00f6\u011frenimi, sadece akademik ba\u015far\u0131 de\u011fil, ayn\u0131 zamanda ileti\u015fim becerileri ve sosyal etkile\u015fim i\u00e7in de \u00f6nemlidir. Unutulmamal\u0131d\u0131r ki, \u00f6\u011frenme s\u00fcreci s\u00fcrekli bir yolculuktur. Bu yolda her ya\u015fta yeni bir dil \u00f6\u011frenmek m\u00fcmk\u00fcnd\u00fcr.<\/p>\n<p>Kaynak\u00e7a: [(&#8216;Beynimiz Yeni Bir Dili Nas\u0131l \u00d6\u011freniyor? &#8211; Sinirbilim&#8217;, &#8216;https:\/\/sinirbilim.org\/beynimiz-yeni-bir-dili-nasil-ogreniyor\/&#8217;), (&#8216;\u00c7ocuklarda Yabanc\u0131 Dil E\u011fitimine Nas\u0131l ve Ne Zaman Ba\u015flan\u0131lmal\u0131 &#8230;&#8217;, &#8216;https:\/\/abapsikoloji.com\/cocuklarda-yabanci-dil-egitimine-nasil-ve-ne-zaman-baslanilmali\/&#8217;), (&#8216;\u00c7OCUKLARIN D\u0130L ED\u0130N\u0130M\u0130, GEL\u0130\u015e\u0130M\u0130 VE D\u0130LE KATKILARI&#8217;, &#8216;https:\/\/dergipark.org.tr\/tr\/download\/article-file\/844456&#8217;)].<\/p>\n","protected":false},"excerpt":{"rendered":"<p>\u00c7ocuklar dili nas\u0131l \u00f6\u011frenir? Bu yaz\u0131da, dil \u00f6\u011frenim s\u00fcrecini etkileyen fakt\u00f6rleri ke\u015ffedin ve etkili y\u00f6ntemleri \u00f6\u011frenin.<\/p>\n","protected":false},"author":1,"featured_media":1646,"comment_status":"open","ping_status":"open","sticky":false,"template":"","format":"standard","meta":{"footnotes":""},"categories":[],"tags":[],"class_list":["post-1649","post","type-post","status-publish","format-standard","has-post-thumbnail","hentry"],"yoast_head":"<!-- This site is optimized with the Yoast SEO plugin v25.0 - https:\/\/yoast.com\/wordpress\/plugins\/seo\/ -->\n<title>\u00c7ocuklar Dili Nas\u0131l \u00d6\u011frenir? 2024 [Detayl\u0131 Rehber] - SEF Education<\/title>\n<meta name=\"description\" content=\"\u00c7ocuklar dili nas\u0131l \u00f6\u011frenir? Bu yaz\u0131da, dil \u00f6\u011frenim s\u00fcrecini etkileyen fakt\u00f6rleri ke\u015ffedin ve etkili y\u00f6ntemleri \u00f6\u011frenin.\" \/>\n<meta name=\"robots\" content=\"index, follow, max-snippet:-1, max-image-preview:large, max-video-preview:-1\" \/>\n<link rel=\"canonical\" href=\"https:\/\/sefedu.com.tr\/index.php\/2024\/12\/18\/cocuklar-dili-nasil-ogrenir\/\" \/>\n<meta property=\"og:locale\" content=\"tr_TR\" \/>\n<meta property=\"og:type\" content=\"article\" \/>\n<meta property=\"og:title\" content=\"\u00c7ocuklar Dili Nas\u0131l \u00d6\u011frenir? 2024 [Detayl\u0131 Rehber] - SEF Education\" \/>\n<meta property=\"og:description\" content=\"\u00c7ocuklar dili nas\u0131l \u00f6\u011frenir? Bu yaz\u0131da, dil \u00f6\u011frenim s\u00fcrecini etkileyen fakt\u00f6rleri ke\u015ffedin ve etkili y\u00f6ntemleri \u00f6\u011frenin.\" \/>\n<meta property=\"og:url\" content=\"https:\/\/sefedu.com.tr\/index.php\/2024\/12\/18\/cocuklar-dili-nasil-ogrenir\/\" \/>\n<meta property=\"og:site_name\" content=\"SEF Education\" \/>\n<meta property=\"article:publisher\" content=\"https:\/\/www.facebook.com\/profile.php?id=61559411172122\" \/>\n<meta property=\"article:published_time\" content=\"2024-12-18T14:15:53+00:00\" \/>\n<meta property=\"og:image\" content=\"https:\/\/sefedu.com.tr\/wp-content\/uploads\/2024\/12\/g01f2f5c2597bafc32dea0ceb7d641b5dd3c2843744235b9671eadf1ba8ba79c8c787f0b7161e16ea52151e8e7d66317da7a6ab23ffb15cf35706c23d7e34ea4f_1280.jpg.jpg\" \/>\n\t<meta property=\"og:image:width\" content=\"1280\" \/>\n\t<meta property=\"og:image:height\" content=\"1280\" \/>\n\t<meta property=\"og:image:type\" content=\"image\/jpeg\" \/>\n<meta name=\"author\" content=\"Musab \u00c7elikba\u015f\" \/>\n<meta name=\"twitter:card\" content=\"summary_large_image\" \/>\n<meta name=\"twitter:label1\" content=\"Yazan:\" \/>\n\t<meta name=\"twitter:data1\" content=\"Musab \u00c7elikba\u015f\" \/>\n\t<meta name=\"twitter:label2\" content=\"Tahmini okuma s\u00fcresi\" \/>\n\t<meta name=\"twitter:data2\" content=\"10 dakika\" \/>\n<script type=\"application\/ld+json\" class=\"yoast-schema-graph\">{\"@context\":\"https:\/\/schema.org\",\"@graph\":[{\"@type\":\"Article\",\"@id\":\"https:\/\/sefedu.com.tr\/index.php\/2024\/12\/18\/cocuklar-dili-nasil-ogrenir\/#article\",\"isPartOf\":{\"@id\":\"https:\/\/sefedu.com.tr\/index.php\/2024\/12\/18\/cocuklar-dili-nasil-ogrenir\/\"},\"author\":{\"name\":\"Musab \u00c7elikba\u015f\",\"@id\":\"https:\/\/sefedu.com.tr\/#\/schema\/person\/e657e3d380d760ae528d1780c450d2b0\"},\"headline\":\"\u00c7ocuklar Dili Nas\u0131l \u00d6\u011frenir? 2024 [Detayl\u0131 Rehber]\",\"datePublished\":\"2024-12-18T14:15:53+00:00\",\"mainEntityOfPage\":{\"@id\":\"https:\/\/sefedu.com.tr\/index.php\/2024\/12\/18\/cocuklar-dili-nasil-ogrenir\/\"},\"wordCount\":1993,\"commentCount\":0,\"publisher\":{\"@id\":\"https:\/\/sefedu.com.tr\/#organization\"},\"image\":{\"@id\":\"https:\/\/sefedu.com.tr\/index.php\/2024\/12\/18\/cocuklar-dili-nasil-ogrenir\/#primaryimage\"},\"thumbnailUrl\":\"https:\/\/sefedu.com.tr\/wp-content\/uploads\/2024\/12\/g01f2f5c2597bafc32dea0ceb7d641b5dd3c2843744235b9671eadf1ba8ba79c8c787f0b7161e16ea52151e8e7d66317da7a6ab23ffb15cf35706c23d7e34ea4f_1280.jpg.jpg\",\"inLanguage\":\"tr\",\"potentialAction\":[{\"@type\":\"CommentAction\",\"name\":\"Comment\",\"target\":[\"https:\/\/sefedu.com.tr\/index.php\/2024\/12\/18\/cocuklar-dili-nasil-ogrenir\/#respond\"]}]},{\"@type\":\"WebPage\",\"@id\":\"https:\/\/sefedu.com.tr\/index.php\/2024\/12\/18\/cocuklar-dili-nasil-ogrenir\/\",\"url\":\"https:\/\/sefedu.com.tr\/index.php\/2024\/12\/18\/cocuklar-dili-nasil-ogrenir\/\",\"name\":\"\u00c7ocuklar Dili Nas\u0131l \u00d6\u011frenir? 2024 [Detayl\u0131 Rehber] - SEF Education\",\"isPartOf\":{\"@id\":\"https:\/\/sefedu.com.tr\/#website\"},\"primaryImageOfPage\":{\"@id\":\"https:\/\/sefedu.com.tr\/index.php\/2024\/12\/18\/cocuklar-dili-nasil-ogrenir\/#primaryimage\"},\"image\":{\"@id\":\"https:\/\/sefedu.com.tr\/index.php\/2024\/12\/18\/cocuklar-dili-nasil-ogrenir\/#primaryimage\"},\"thumbnailUrl\":\"https:\/\/sefedu.com.tr\/wp-content\/uploads\/2024\/12\/g01f2f5c2597bafc32dea0ceb7d641b5dd3c2843744235b9671eadf1ba8ba79c8c787f0b7161e16ea52151e8e7d66317da7a6ab23ffb15cf35706c23d7e34ea4f_1280.jpg.jpg\",\"datePublished\":\"2024-12-18T14:15:53+00:00\",\"description\":\"\u00c7ocuklar dili nas\u0131l \u00f6\u011frenir? Bu yaz\u0131da, dil \u00f6\u011frenim s\u00fcrecini etkileyen fakt\u00f6rleri ke\u015ffedin ve etkili y\u00f6ntemleri \u00f6\u011frenin.\",\"breadcrumb\":{\"@id\":\"https:\/\/sefedu.com.tr\/index.php\/2024\/12\/18\/cocuklar-dili-nasil-ogrenir\/#breadcrumb\"},\"inLanguage\":\"tr\",\"potentialAction\":[{\"@type\":\"ReadAction\",\"target\":[\"https:\/\/sefedu.com.tr\/index.php\/2024\/12\/18\/cocuklar-dili-nasil-ogrenir\/\"]}]},{\"@type\":\"ImageObject\",\"inLanguage\":\"tr\",\"@id\":\"https:\/\/sefedu.com.tr\/index.php\/2024\/12\/18\/cocuklar-dili-nasil-ogrenir\/#primaryimage\",\"url\":\"https:\/\/sefedu.com.tr\/wp-content\/uploads\/2024\/12\/g01f2f5c2597bafc32dea0ceb7d641b5dd3c2843744235b9671eadf1ba8ba79c8c787f0b7161e16ea52151e8e7d66317da7a6ab23ffb15cf35706c23d7e34ea4f_1280.jpg.jpg\",\"contentUrl\":\"https:\/\/sefedu.com.tr\/wp-content\/uploads\/2024\/12\/g01f2f5c2597bafc32dea0ceb7d641b5dd3c2843744235b9671eadf1ba8ba79c8c787f0b7161e16ea52151e8e7d66317da7a6ab23ffb15cf35706c23d7e34ea4f_1280.jpg.jpg\",\"width\":1280,\"height\":1280},{\"@type\":\"BreadcrumbList\",\"@id\":\"https:\/\/sefedu.com.tr\/index.php\/2024\/12\/18\/cocuklar-dili-nasil-ogrenir\/#breadcrumb\",\"itemListElement\":[{\"@type\":\"ListItem\",\"position\":1,\"name\":\"Anasayfa\",\"item\":\"https:\/\/sefedu.com.tr\/\"},{\"@type\":\"ListItem\",\"position\":2,\"name\":\"\u00c7ocuklar Dili Nas\u0131l \u00d6\u011frenir? 2024 [Detayl\u0131 Rehber]\"}]},{\"@type\":\"WebSite\",\"@id\":\"https:\/\/sefedu.com.tr\/#website\",\"url\":\"https:\/\/sefedu.com.tr\/\",\"name\":\"SEF Education\",\"description\":\"\u00c7ocu\u011funuzu gelece\u011fe haz\u0131rlay\u0131n!\",\"publisher\":{\"@id\":\"https:\/\/sefedu.com.tr\/#organization\"},\"potentialAction\":[{\"@type\":\"SearchAction\",\"target\":{\"@type\":\"EntryPoint\",\"urlTemplate\":\"https:\/\/sefedu.com.tr\/?s={search_term_string}\"},\"query-input\":{\"@type\":\"PropertyValueSpecification\",\"valueRequired\":true,\"valueName\":\"search_term_string\"}}],\"inLanguage\":\"tr\"},{\"@type\":\"Organization\",\"@id\":\"https:\/\/sefedu.com.tr\/#organization\",\"name\":\"SEF Education\",\"url\":\"https:\/\/sefedu.com.tr\/\",\"logo\":{\"@type\":\"ImageObject\",\"inLanguage\":\"tr\",\"@id\":\"https:\/\/sefedu.com.tr\/#\/schema\/logo\/image\/\",\"url\":\"https:\/\/sefedu.com.tr\/wp-content\/uploads\/2024\/09\/cropped-SEFAVM.png\",\"contentUrl\":\"https:\/\/sefedu.com.tr\/wp-content\/uploads\/2024\/09\/cropped-SEFAVM.png\",\"width\":512,\"height\":512,\"caption\":\"SEF Education\"},\"image\":{\"@id\":\"https:\/\/sefedu.com.tr\/#\/schema\/logo\/image\/\"},\"sameAs\":[\"https:\/\/www.facebook.com\/profile.php?id=61559411172122\",\"https:\/\/www.instagram.com\/sefeducation\/\"]},{\"@type\":\"Person\",\"@id\":\"https:\/\/sefedu.com.tr\/#\/schema\/person\/e657e3d380d760ae528d1780c450d2b0\",\"name\":\"Musab \u00c7elikba\u015f\",\"image\":{\"@type\":\"ImageObject\",\"inLanguage\":\"tr\",\"@id\":\"https:\/\/sefedu.com.tr\/#\/schema\/person\/image\/\",\"url\":\"https:\/\/secure.gravatar.com\/avatar\/a23dd9280c34bf92a6d366517a159d305f4673c0c70d838865622beb1fa485b5?s=96&d=mm&r=g\",\"contentUrl\":\"https:\/\/secure.gravatar.com\/avatar\/a23dd9280c34bf92a6d366517a159d305f4673c0c70d838865622beb1fa485b5?s=96&d=mm&r=g\",\"caption\":\"Musab \u00c7elikba\u015f\"},\"sameAs\":[\"https:\/\/sefedu.com.tr\"],\"url\":\"https:\/\/sefedu.com.tr\/index.php\/author\/musabc3161gmail-com\/\"}]}<\/script>\n<!-- \/ Yoast SEO plugin. -->","yoast_head_json":{"title":"\u00c7ocuklar Dili Nas\u0131l \u00d6\u011frenir? 2024 [Detayl\u0131 Rehber] - SEF Education","description":"\u00c7ocuklar dili nas\u0131l \u00f6\u011frenir? Bu yaz\u0131da, dil \u00f6\u011frenim s\u00fcrecini etkileyen fakt\u00f6rleri ke\u015ffedin ve etkili y\u00f6ntemleri \u00f6\u011frenin.","robots":{"index":"index","follow":"follow","max-snippet":"max-snippet:-1","max-image-preview":"max-image-preview:large","max-video-preview":"max-video-preview:-1"},"canonical":"https:\/\/sefedu.com.tr\/index.php\/2024\/12\/18\/cocuklar-dili-nasil-ogrenir\/","og_locale":"tr_TR","og_type":"article","og_title":"\u00c7ocuklar Dili Nas\u0131l \u00d6\u011frenir? 2024 [Detayl\u0131 Rehber] - SEF Education","og_description":"\u00c7ocuklar dili nas\u0131l \u00f6\u011frenir? Bu yaz\u0131da, dil \u00f6\u011frenim s\u00fcrecini etkileyen fakt\u00f6rleri ke\u015ffedin ve etkili y\u00f6ntemleri \u00f6\u011frenin.","og_url":"https:\/\/sefedu.com.tr\/index.php\/2024\/12\/18\/cocuklar-dili-nasil-ogrenir\/","og_site_name":"SEF Education","article_publisher":"https:\/\/www.facebook.com\/profile.php?id=61559411172122","article_published_time":"2024-12-18T14:15:53+00:00","og_image":[{"width":1280,"height":1280,"url":"https:\/\/sefedu.com.tr\/wp-content\/uploads\/2024\/12\/g01f2f5c2597bafc32dea0ceb7d641b5dd3c2843744235b9671eadf1ba8ba79c8c787f0b7161e16ea52151e8e7d66317da7a6ab23ffb15cf35706c23d7e34ea4f_1280.jpg.jpg","type":"image\/jpeg"}],"author":"Musab \u00c7elikba\u015f","twitter_card":"summary_large_image","twitter_misc":{"Yazan:":"Musab \u00c7elikba\u015f","Tahmini okuma s\u00fcresi":"10 dakika"},"schema":{"@context":"https:\/\/schema.org","@graph":[{"@type":"Article","@id":"https:\/\/sefedu.com.tr\/index.php\/2024\/12\/18\/cocuklar-dili-nasil-ogrenir\/#article","isPartOf":{"@id":"https:\/\/sefedu.com.tr\/index.php\/2024\/12\/18\/cocuklar-dili-nasil-ogrenir\/"},"author":{"name":"Musab \u00c7elikba\u015f","@id":"https:\/\/sefedu.com.tr\/#\/schema\/person\/e657e3d380d760ae528d1780c450d2b0"},"headline":"\u00c7ocuklar Dili Nas\u0131l \u00d6\u011frenir? 2024 [Detayl\u0131 Rehber]","datePublished":"2024-12-18T14:15:53+00:00","mainEntityOfPage":{"@id":"https:\/\/sefedu.com.tr\/index.php\/2024\/12\/18\/cocuklar-dili-nasil-ogrenir\/"},"wordCount":1993,"commentCount":0,"publisher":{"@id":"https:\/\/sefedu.com.tr\/#organization"},"image":{"@id":"https:\/\/sefedu.com.tr\/index.php\/2024\/12\/18\/cocuklar-dili-nasil-ogrenir\/#primaryimage"},"thumbnailUrl":"https:\/\/sefedu.com.tr\/wp-content\/uploads\/2024\/12\/g01f2f5c2597bafc32dea0ceb7d641b5dd3c2843744235b9671eadf1ba8ba79c8c787f0b7161e16ea52151e8e7d66317da7a6ab23ffb15cf35706c23d7e34ea4f_1280.jpg.jpg","inLanguage":"tr","potentialAction":[{"@type":"CommentAction","name":"Comment","target":["https:\/\/sefedu.com.tr\/index.php\/2024\/12\/18\/cocuklar-dili-nasil-ogrenir\/#respond"]}]},{"@type":"WebPage","@id":"https:\/\/sefedu.com.tr\/index.php\/2024\/12\/18\/cocuklar-dili-nasil-ogrenir\/","url":"https:\/\/sefedu.com.tr\/index.php\/2024\/12\/18\/cocuklar-dili-nasil-ogrenir\/","name":"\u00c7ocuklar Dili Nas\u0131l \u00d6\u011frenir? 2024 [Detayl\u0131 Rehber] - SEF Education","isPartOf":{"@id":"https:\/\/sefedu.com.tr\/#website"},"primaryImageOfPage":{"@id":"https:\/\/sefedu.com.tr\/index.php\/2024\/12\/18\/cocuklar-dili-nasil-ogrenir\/#primaryimage"},"image":{"@id":"https:\/\/sefedu.com.tr\/index.php\/2024\/12\/18\/cocuklar-dili-nasil-ogrenir\/#primaryimage"},"thumbnailUrl":"https:\/\/sefedu.com.tr\/wp-content\/uploads\/2024\/12\/g01f2f5c2597bafc32dea0ceb7d641b5dd3c2843744235b9671eadf1ba8ba79c8c787f0b7161e16ea52151e8e7d66317da7a6ab23ffb15cf35706c23d7e34ea4f_1280.jpg.jpg","datePublished":"2024-12-18T14:15:53+00:00","description":"\u00c7ocuklar dili nas\u0131l \u00f6\u011frenir? Bu yaz\u0131da, dil \u00f6\u011frenim s\u00fcrecini etkileyen fakt\u00f6rleri ke\u015ffedin ve etkili y\u00f6ntemleri \u00f6\u011frenin.","breadcrumb":{"@id":"https:\/\/sefedu.com.tr\/index.php\/2024\/12\/18\/cocuklar-dili-nasil-ogrenir\/#breadcrumb"},"inLanguage":"tr","potentialAction":[{"@type":"ReadAction","target":["https:\/\/sefedu.com.tr\/index.php\/2024\/12\/18\/cocuklar-dili-nasil-ogrenir\/"]}]},{"@type":"ImageObject","inLanguage":"tr","@id":"https:\/\/sefedu.com.tr\/index.php\/2024\/12\/18\/cocuklar-dili-nasil-ogrenir\/#primaryimage","url":"https:\/\/sefedu.com.tr\/wp-content\/uploads\/2024\/12\/g01f2f5c2597bafc32dea0ceb7d641b5dd3c2843744235b9671eadf1ba8ba79c8c787f0b7161e16ea52151e8e7d66317da7a6ab23ffb15cf35706c23d7e34ea4f_1280.jpg.jpg","contentUrl":"https:\/\/sefedu.com.tr\/wp-content\/uploads\/2024\/12\/g01f2f5c2597bafc32dea0ceb7d641b5dd3c2843744235b9671eadf1ba8ba79c8c787f0b7161e16ea52151e8e7d66317da7a6ab23ffb15cf35706c23d7e34ea4f_1280.jpg.jpg","width":1280,"height":1280},{"@type":"BreadcrumbList","@id":"https:\/\/sefedu.com.tr\/index.php\/2024\/12\/18\/cocuklar-dili-nasil-ogrenir\/#breadcrumb","itemListElement":[{"@type":"ListItem","position":1,"name":"Anasayfa","item":"https:\/\/sefedu.com.tr\/"},{"@type":"ListItem","position":2,"name":"\u00c7ocuklar Dili Nas\u0131l \u00d6\u011frenir? 2024 [Detayl\u0131 Rehber]"}]},{"@type":"WebSite","@id":"https:\/\/sefedu.com.tr\/#website","url":"https:\/\/sefedu.com.tr\/","name":"SEF Education","description":"\u00c7ocu\u011funuzu gelece\u011fe haz\u0131rlay\u0131n!","publisher":{"@id":"https:\/\/sefedu.com.tr\/#organization"},"potentialAction":[{"@type":"SearchAction","target":{"@type":"EntryPoint","urlTemplate":"https:\/\/sefedu.com.tr\/?s={search_term_string}"},"query-input":{"@type":"PropertyValueSpecification","valueRequired":true,"valueName":"search_term_string"}}],"inLanguage":"tr"},{"@type":"Organization","@id":"https:\/\/sefedu.com.tr\/#organization","name":"SEF Education","url":"https:\/\/sefedu.com.tr\/","logo":{"@type":"ImageObject","inLanguage":"tr","@id":"https:\/\/sefedu.com.tr\/#\/schema\/logo\/image\/","url":"https:\/\/sefedu.com.tr\/wp-content\/uploads\/2024\/09\/cropped-SEFAVM.png","contentUrl":"https:\/\/sefedu.com.tr\/wp-content\/uploads\/2024\/09\/cropped-SEFAVM.png","width":512,"height":512,"caption":"SEF Education"},"image":{"@id":"https:\/\/sefedu.com.tr\/#\/schema\/logo\/image\/"},"sameAs":["https:\/\/www.facebook.com\/profile.php?id=61559411172122","https:\/\/www.instagram.com\/sefeducation\/"]},{"@type":"Person","@id":"https:\/\/sefedu.com.tr\/#\/schema\/person\/e657e3d380d760ae528d1780c450d2b0","name":"Musab \u00c7elikba\u015f","image":{"@type":"ImageObject","inLanguage":"tr","@id":"https:\/\/sefedu.com.tr\/#\/schema\/person\/image\/","url":"https:\/\/secure.gravatar.com\/avatar\/a23dd9280c34bf92a6d366517a159d305f4673c0c70d838865622beb1fa485b5?s=96&d=mm&r=g","contentUrl":"https:\/\/secure.gravatar.com\/avatar\/a23dd9280c34bf92a6d366517a159d305f4673c0c70d838865622beb1fa485b5?s=96&d=mm&r=g","caption":"Musab \u00c7elikba\u015f"},"sameAs":["https:\/\/sefedu.com.tr"],"url":"https:\/\/sefedu.com.tr\/index.php\/author\/musabc3161gmail-com\/"}]}},"yoast_meta":{"yoast_wpseo_title":"","yoast_wpseo_metadesc":"","yoast_wpseo_canonical":""},"amp_enabled":true,"_links":{"self":[{"href":"https:\/\/sefedu.com.tr\/index.php\/wp-json\/wp\/v2\/posts\/1649","targetHints":{"allow":["GET"]}}],"collection":[{"href":"https:\/\/sefedu.com.tr\/index.php\/wp-json\/wp\/v2\/posts"}],"about":[{"href":"https:\/\/sefedu.com.tr\/index.php\/wp-json\/wp\/v2\/types\/post"}],"author":[{"embeddable":true,"href":"https:\/\/sefedu.com.tr\/index.php\/wp-json\/wp\/v2\/users\/1"}],"replies":[{"embeddable":true,"href":"https:\/\/sefedu.com.tr\/index.php\/wp-json\/wp\/v2\/comments?post=1649"}],"version-history":[{"count":0,"href":"https:\/\/sefedu.com.tr\/index.php\/wp-json\/wp\/v2\/posts\/1649\/revisions"}],"wp:featuredmedia":[{"embeddable":true,"href":"https:\/\/sefedu.com.tr\/index.php\/wp-json\/wp\/v2\/media\/1646"}],"wp:attachment":[{"href":"https:\/\/sefedu.com.tr\/index.php\/wp-json\/wp\/v2\/media?parent=1649"}],"wp:term":[{"taxonomy":"category","embeddable":true,"href":"https:\/\/sefedu.com.tr\/index.php\/wp-json\/wp\/v2\/categories?post=1649"},{"taxonomy":"post_tag","embeddable":true,"href":"https:\/\/sefedu.com.tr\/index.php\/wp-json\/wp\/v2\/tags?post=1649"}],"curies":[{"name":"wp","href":"https:\/\/api.w.org\/{rel}","templated":true}]}}