{"id":1763,"date":"2024-12-25T12:34:36","date_gmt":"2024-12-25T09:34:36","guid":{"rendered":"https:\/\/sefedu.com.tr\/index.php\/2024\/12\/25\/sad-ne-demek-ingilizce\/"},"modified":"2024-12-25T12:34:36","modified_gmt":"2024-12-25T09:34:36","slug":"sad-ne-demek-ingilizce","status":"publish","type":"post","link":"https:\/\/sefedu.com.tr\/index.php\/2024\/12\/25\/sad-ne-demek-ingilizce\/","title":{"rendered":"Sad Ne Demek \u0130ngilizce? 2024 [Detayl\u0131 Rehber]"},"content":{"rendered":"<h1>Sad Ne Demek \u0130ngilizce?<\/p>\n<p><strong>Sad<\/strong>, \u0130ngilizce bir kelime olup, &#8220;\u00fczg\u00fcn&#8221; anlam\u0131na gelir. Bu terim, duygusal durumlar\u0131 ifade etmekte yayg\u0131n olarak kullan\u0131l\u0131r. G\u00fcnl\u00fck hayatta, duygular\u0131m\u0131z\u0131 aktarmak amac\u0131yla <strong><strong>sad<strong><strong> kelimesini s\u0131k\u00e7a kullan\u0131r\u0131z. Bu makalede, <strong><strong>sad<strong><strong> kelimesinin anlam\u0131n\u0131, kullan\u0131m alanlar\u0131n\u0131 ve di\u011fer duygusal ifadelerle ili\u015fkisini derinlemesine inceleyece\u011fiz. Ayr\u0131ca, bu kelimenin ba\u011flamlarda nas\u0131l alg\u0131land\u0131\u011f\u0131na dair bilgiler de sunaca\u011f\u0131z. <\/p>\n<p>\u0130lginizi \u00c7ekebilir: <a href='https:\/\/musabcelikbas.com.tr\/2024\/12\/24\/misir-mausu-bakimi\/'>&#8216;M\u0131s\u0131r Mausu Bak\u0131m\u0131 2024 [Detayl\u0131 Rehber]&#8217;<\/a><\/p>\n<p><img src='https:\/\/sefedu.com.tr\/wp-content\/uploads\/2024\/12\/g4d7a514fbb28111c38bdfffd2a851897afe65159889b8ec728aca78925131466e51a6791bbb546c5c6b3793f2f54d39ea25d7f921874af8bd294efe949daf624_1280.jpg.jpg' alt='sad ne demek ingilizce' style='max-width:100%; height:auto;'><\/p>\n<p><strong><strong>Sad<strong><strong> kelimesinin anlam\u0131n\u0131 ve kullan\u0131lmas\u0131n\u0131 bilmek, hem dil \u00f6\u011frenen ki\u015filere hem de anadilini konu\u015fanlara b\u00fcy\u00fck bir avantaj sa\u011flar. <strong><strong>Sad<strong><strong> kelimesi, duygusal ileti\u015fimimizin derinle\u015fmesinde \u00f6nemli bir rol oynar. Bu yaz\u0131da, <strong><strong>sad<strong><strong> kelimesinin farkl\u0131 ba\u011flamlarda nas\u0131l kullan\u0131ld\u0131\u011f\u0131n\u0131 \u00f6rneklerle a\u00e7\u0131klayaca\u011f\u0131z.<\/p>\n<h2>Sad Kelimesinin Anlam\u0131 ve Kullan\u0131m\u0131<\/p>\n<p><strong><strong>Sad<strong><strong> kelimesi, bir ki\u015finin olumsuz bir ruh halini ifade eder. Bu kelime, duygular\u0131m\u0131z\u0131 dile getirmemizde \u00f6nemli bir ara\u00e7t\u0131r. \u00d6rne\u011fin, &#8220;I feel sad because I lost my favorite toy&#8221; (En sevdi\u011fim oyunca\u011f\u0131m\u0131 kaybetti\u011fim i\u00e7in \u00fczg\u00fcn\u00fcm) dedi\u011fimizde, kar\u015f\u0131m\u0131zdakine duygular\u0131m\u0131z hakk\u0131nda net bir bilgi veririz. Bu durum, kar\u015f\u0131l\u0131kl\u0131 anlay\u0131\u015f\u0131 artt\u0131r\u0131r ve insanlar aras\u0131ndaki ileti\u015fimi g\u00fc\u00e7lendirir. <\/p>\n<p>Yaln\u0131zca k\u00f6t\u00fc durumlarda de\u011fil, kaybetti\u011fimiz g\u00fczel an\u0131lar hakk\u0131nda konu\u015ftu\u011fumuzda da <strong><strong>sad<strong><strong> kelimesini kullanabiliriz. \u00d6rne\u011fin, &#8220;It&#8217;s sad to think about how things used to be&#8221; (Eskilerin nas\u0131l oldu\u011funu d\u00fc\u015f\u00fcnmek \u00fcz\u00fcc\u00fc) ifadesinde ge\u00e7mi\u015fe \u00f6zlem duygusu ile <strong><strong>sad<strong><strong> kelimesi birle\u015fir ve derin bir ruh hali olu\u015fturur. Bu \u015fekilde, kelimenin kullan\u0131m\u0131 daha geni\u015f bir yelpazeye yay\u0131l\u0131r. <\/p>\n<h2>Sad ve Unhappy Aras\u0131ndaki Farklar<\/p>\n<p>\u0130ngilizcede <strong><strong>sad<strong><strong> ve <strong><strong>unhappy<strong><strong> kelimeleri s\u0131k\u00e7a kar\u0131\u015ft\u0131r\u0131l\u0131r. Ancak, aralar\u0131nda belirgin farklar vard\u0131r. <strong><strong>Sad<strong><strong>, ge\u00e7ici bir duygusal durumu ifade ederken, <strong><strong>unhappy<strong><strong> kal\u0131c\u0131 bir memnuniyetsizli\u011fi temsil eder. \u00d6rne\u011fin, &#8220;I feel sad about the bad weather&#8221; (K\u00f6t\u00fc hava nedeniyle \u00fczg\u00fcn\u00fcm) c\u00fcmlesinde, ge\u00e7ici bir durumdan bahsedilmektedir. <\/p>\n<p>Di\u011fer bir taraftan, &#8220;I am unhappy with my job&#8221; (\u0130\u015fimden memnun de\u011filim) ifadesi, s\u00fcrekli bir rahats\u0131zl\u0131k hissini ifade eder. Bu iki terimin do\u011fru bir \u015fekilde kullan\u0131lmas\u0131, duygusal d\u00fc\u015f\u00fcncelerin daha net bir \u015fekilde iletilmesine yard\u0131mc\u0131 olur. \u00d6rne\u011fin, &#8220;Though I felt sad today, I\u2019m determined to improve my situation&#8221; (Bug\u00fcn \u00fczg\u00fcn hissetsem de durumumu iyile\u015ftirme kararl\u0131l\u0131\u011f\u0131na sahibim) diyerek, hem duygusal bir durumu ifade etmi\u015f hem de gelece\u011fe dair olumlu bir bak\u0131\u015f a\u00e7\u0131s\u0131 sunmu\u015f olursunuz.<\/p>\n<h2>Sad ile Di\u011fer Duygusal \u0130fadeler<\/p>\n<p><strong><strong>Sad<strong><strong> kelimesi, di\u011fer duygusal ifadelerle bir arada kullan\u0131ld\u0131\u011f\u0131nda duygular\u0131m\u0131z\u0131 zenginle\u015ftirir. \u00d6rne\u011fin, <strong><strong>happy<strong><strong> ve <strong><strong>excited<strong><strong> kelimeleri ile z\u0131t duygular\u0131 ifade edebiliriz. &#8220;I was sad to see my friend leave for a new job, but I\u2019m happy for her&#8221; (Arkada\u015f\u0131m\u0131n yeni bir i\u015fe gitmesini g\u00f6rmek beni \u00fczd\u00fc ama onun i\u00e7in mutluyum) c\u00fcmlesi, iki farkl\u0131 duyguyu yan yana getirerek zengin bir ifade olu\u015fturur. <\/p>\n<p>Kimi zaman, <strong><strong>sad<strong><strong> kelimesi kar\u015f\u0131t duygulardan biri olarak kullan\u0131l\u0131r. &#8220;While I feel sad about goodbye, I also cherish the memories we created&#8221; (Elveda etti\u011fimiz i\u00e7in \u00fczg\u00fcn hissetsem de birlikte yaratt\u0131\u011f\u0131m\u0131z an\u0131lar\u0131 de\u011ferlendiriyorum) ifadesi, iki farkl\u0131 duygunun bir araya geldi\u011fi bir durumu yans\u0131t\u0131r. Bu t\u00fcr karma\u015f\u0131k duygular\u0131 ifade etmek, ileti\u015fimimizi derinle\u015ftirir ve di\u011fer insanlarla daha samimi ili\u015fkiler kurmam\u0131za yard\u0131mc\u0131 olur.<\/p>\n<p>\u0130lginizi \u00c7ekebilir: <a href='https:\/\/musabcelikbas.com.tr\/2024\/12\/24\/misir-mausu-ne-yer\/'>&#8216;M\u0131s\u0131r Mausu Beslenme Al\u0131\u015fkanl\u0131klar\u0131 2024 [Detayl\u0131 Rehber]&#8217;<\/a><\/p>\n<p><img src='https:\/\/sefedu.com.tr\/wp-content\/uploads\/2024\/12\/g878950003ba4d3b21030d10256878939aaadc26a8d786ce9992fd28355dc6d2f2b97cc4585febbfc921f8e34004d6356b317b9ceafe982b57e1f8d257c0210fd_1280.jpg.jpg' alt='sad ne demek ingilizce' style='max-width:100%; height:auto;'><\/p>\n<h2>Sad Kelimesinin E\u015f Anlaml\u0131lar\u0131 ve Antonimleri<\/p>\n<p><strong><strong>Sad<strong><strong> kelimesinin e\u015f anlaml\u0131lar\u0131 aras\u0131nda <strong><strong>sorrowful<strong><strong>, <strong><strong>downcast<strong><strong>, ve <strong><strong>dejected<strong><strong> gibi kelimeler yer al\u0131r. Bu kelimeler, <strong><strong>sad<strong><strong> kelimesinin iletti\u011fi duyguyu farkl\u0131 \u015fekillerde ifade eder. \u00d6rne\u011fin, <strong><strong>sorrowful<strong><strong> kelimesi, derin bir ac\u0131 ve keder hissini belirtirken; <strong><strong>downcast<strong><strong>, genellikle ruh halinin fiziksel yans\u0131mas\u0131n\u0131 ifade eder. Bu \u00e7e\u015fitlilik, dili zenginle\u015ftirir ve ifade yetene\u011fimizi art\u0131r\u0131r. \u00d6rne\u011fin, &#8220;I felt sorrowful when I heard the sad news&#8221; (\u00dcz\u00fcc\u00fc haberi duydu\u011fumda derin bir \u00fcz\u00fcnt\u00fc hissettim) c\u00fcmlesinde, ba\u015fka bir e\u015f anlaml\u0131 kullanarak kelimenin zenginli\u011fini kullanm\u0131\u015f oluruz.<\/p>\n<p>\u00d6te yandan, <strong><strong>sad<strong><strong> kelimesinin z\u0131t anlaml\u0131lar\u0131 <strong><strong>happy<strong><strong>, <strong><strong>joyful<strong><strong> ve <strong><strong>content<strong><strong> olarak s\u0131ralanabilir. Bu kelimelerin kullan\u0131m\u0131, ruh halinin olumlu y\u00f6nlerini vurgular. \u00d6rne\u011fin, &#8220;I was sad yesterday, but today I feel happy&#8221; (D\u00fcn \u00fczg\u00fcn hissettim ama bug\u00fcn mutluyum) c\u00fcmlesi, de\u011fi\u015fen ruh hallerini yans\u0131t\u0131r. Bu t\u00fcr z\u0131tl\u0131klar\u0131 ifade etmek, duygusal ifademizi zenginle\u015ftirir ve sosyal ili\u015fkilerimizde derinlik kazand\u0131r\u0131r.<\/p>\n<h2>Sad Kullan\u0131m\u0131na Y\u00f6nelik \u00d6neriler<\/p>\n<p><strong><strong>Sad<strong><strong> kelimesini etkili bir \u015fekilde kullanman\u0131n birka\u00e7 yolu vard\u0131r. C\u00fcmlelerinizde bu kelimeyi ba\u011flam i\u00e7inde kullanmak, duygular\u0131n\u0131z\u0131 a\u00e7\u0131k\u00e7a ifade etmenizi sa\u011flar. \u00d6rne\u011fin, &#8220;I feel sad when I think about my childhood&#8221; (\u00c7ocuklu\u011fumu d\u00fc\u015f\u00fcnd\u00fc\u011f\u00fcmde \u00fczg\u00fcn hissediyorum) diyerek, hislerinizi net bir \u015fekilde payla\u015fabilirsiniz. Bu t\u00fcr net ifadeler, ba\u015fkalar\u0131yla olan duygusal ba\u011f\u0131n\u0131z\u0131 g\u00fc\u00e7lendirir. <\/p>\n<p>Kendi deneyimlerinizi eklemek, duygular\u0131n\u0131z\u0131 daha derin bir \u015fekilde aktarman\u0131z\u0131 sa\u011flar. \u00d6rne\u011fin, &#8220;I was sad when my childhood pet passed away, but I remember all the happy moments we shared&#8221; (\u00c7ocukluk evcil hayvan\u0131m \u00f6ld\u00fc\u011f\u00fcnde \u00fczg\u00fcn hissettim ama payla\u015ft\u0131\u011f\u0131m\u0131z mutlu an\u0131lar\u0131 hat\u0131rl\u0131yorum) gibi bir ifade, hem ki\u015fisel bir hikaye sunar hem de duygusal bir derinlik kazand\u0131r\u0131r. Bu t\u00fcr ifadeler, duygular\u0131n payla\u015f\u0131lmas\u0131n\u0131 kolayla\u015ft\u0131r\u0131r ve ileti\u015fimde \u00f6nemli bir rol oynar.<\/p>\n<h2>Sonu\u00e7 Olarak<\/p>\n<p>Sonu\u00e7 olarak, <strong><strong>sad<strong><strong> kelimesi duygu d\u00fcnyam\u0131zda \u00f6nemli bir yere sahiptir. Bu kelime, duygular\u0131m\u0131z\u0131 ifade etme ve kar\u015f\u0131l\u0131kl\u0131 anlay\u0131\u015f\u0131 g\u00fc\u00e7lendirme konular\u0131nda b\u00fcy\u00fck bir ara\u00e7t\u0131r. <strong><strong>Sad<strong><strong> kelimesinin anlam\u0131n\u0131 ve kullan\u0131m\u0131n\u0131 bilmek, sadece dil bilgisi a\u00e7\u0131s\u0131ndan de\u011fil, sosyal ili\u015fkilerde de etkili olabilmek i\u00e7in kritik bir \u00f6nem ta\u015f\u0131r.<\/p>\n<p>\u0130lginizi \u00c7ekebilir: <a href='https:\/\/musabcelikbas.com.tr\/2024\/12\/24\/misir-mausu-tuy-dokermi\/'>&#8216;M\u0131s\u0131r Mausu T\u00fcy D\u00f6kme S\u00fcreci 2024 [Detayl\u0131 Rehber]&#8217;<\/a><br \/>\n<img src='https:\/\/sefedu.com.tr\/wp-content\/uploads\/2024\/12\/g02e407f9829a69e18c80df337dfaa9ee0298b9029e1cdc6f7b2241f5a562fc25a8a8c11b039434b88eb964fbf7c283deca232794f086c363ff2b7058c323a587_1280.jpg.jpg' alt='sad ne demek ingilizce' style='max-width:100%; height:auto;'><\/p>\n<p>Zorlu anlarda duygular\u0131m\u0131z\u0131 ifade etmek, sa\u011fl\u0131kl\u0131 ileti\u015fim kurman\u0131n bir par\u00e7as\u0131d\u0131r. <strong><strong>Sad<strong><strong> kelimesi, \u00fcz\u00fclmeyi ifade ederken kar\u015f\u0131l\u0131kl\u0131 empati ve anlay\u0131\u015f sa\u011flayabilir. Bu kelimeyi etkili bir \u015fekilde kulland\u0131\u011f\u0131n\u0131zda, ileti\u015fiminizi g\u00fc\u00e7lendirerek ba\u015fkalar\u0131yla daha derin ve anlaml\u0131 ili\u015fkiler kurabilirsiniz. Duygular, payla\u015f\u0131lmas\u0131 gereken unsurlard\u0131r ve <strong><strong>sad<strong><strong> kelimesi bu \u00f6zg\u00fcrl\u00fc\u011f\u00fc sunar.<\/p>\n<p>Kaynak\u00e7a:<br \/>\n&#8211; <a href='https:\/\/www.openenglish.com.tr\/blog\/ingilizcede-sad-ve-unhappy-arasindaki-farklar\/'>\u0130ngilizcede Sad ve Unhappy Aras\u0131ndaki Farklar &#8211; Open English<\/a><br \/>\n&#8211; <a href='https:\/\/tr.bab.la\/sozluk\/ingilizce-turkce\/sad'>SAD &#8211; T\u00fcrk\u00e7e \u00c7eviri \u2013 bab.la \u0130ngilizce-T\u00fcrk\u00e7e S\u00f6zl\u00fck<\/a><\/p>\n","protected":false},"excerpt":{"rendered":"<p>&#8220;Sad ne demek? Bu yaz\u0131da \u0130ngilizce&#8217;de &#8216;sad&#8217; kelimesinin anlam\u0131n\u0131 ve kullan\u0131m\u0131n\u0131 ke\u015ffedin!&#8221;<\/p>\n","protected":false},"author":1,"featured_media":1760,"comment_status":"open","ping_status":"open","sticky":false,"template":"","format":"standard","meta":{"footnotes":""},"categories":[],"tags":[],"class_list":["post-1763","post","type-post","status-publish","format-standard","has-post-thumbnail","hentry"],"yoast_head":"<!-- This site is optimized with the Yoast SEO plugin v25.0 - https:\/\/yoast.com\/wordpress\/plugins\/seo\/ -->\n<title>Sad Ne Demek \u0130ngilizce? 2024 [Detayl\u0131 Rehber] - SEF Education<\/title>\n<meta name=\"description\" content=\"&quot;Sad ne demek? Bu yaz\u0131da \u0130ngilizce&#039;de &#039;sad&#039; kelimesinin anlam\u0131n\u0131 ve kullan\u0131m\u0131n\u0131 ke\u015ffedin!&quot;\" \/>\n<meta name=\"robots\" content=\"index, follow, max-snippet:-1, max-image-preview:large, max-video-preview:-1\" \/>\n<link rel=\"canonical\" href=\"https:\/\/sefedu.com.tr\/index.php\/2024\/12\/25\/sad-ne-demek-ingilizce\/\" \/>\n<meta property=\"og:locale\" content=\"tr_TR\" \/>\n<meta property=\"og:type\" content=\"article\" \/>\n<meta property=\"og:title\" content=\"Sad Ne Demek \u0130ngilizce? 2024 [Detayl\u0131 Rehber] - SEF Education\" \/>\n<meta property=\"og:description\" content=\"&quot;Sad ne demek? Bu yaz\u0131da \u0130ngilizce&#039;de &#039;sad&#039; kelimesinin anlam\u0131n\u0131 ve kullan\u0131m\u0131n\u0131 ke\u015ffedin!&quot;\" \/>\n<meta property=\"og:url\" content=\"https:\/\/sefedu.com.tr\/index.php\/2024\/12\/25\/sad-ne-demek-ingilizce\/\" \/>\n<meta property=\"og:site_name\" content=\"SEF Education\" \/>\n<meta property=\"article:publisher\" content=\"https:\/\/www.facebook.com\/profile.php?id=61559411172122\" \/>\n<meta property=\"article:published_time\" content=\"2024-12-25T09:34:36+00:00\" \/>\n<meta property=\"og:image\" content=\"https:\/\/sefedu.com.tr\/wp-content\/uploads\/2024\/12\/g4d7a514fbb28111c38bdfffd2a851897afe65159889b8ec728aca78925131466e51a6791bbb546c5c6b3793f2f54d39ea25d7f921874af8bd294efe949daf624_1280.jpg.jpg\" \/>\n\t<meta property=\"og:image:width\" content=\"1280\" \/>\n\t<meta property=\"og:image:height\" content=\"1280\" \/>\n\t<meta property=\"og:image:type\" content=\"image\/jpeg\" \/>\n<meta name=\"author\" content=\"Musab \u00c7elikba\u015f\" \/>\n<meta name=\"twitter:card\" content=\"summary_large_image\" \/>\n<meta name=\"twitter:label1\" content=\"Yazan:\" \/>\n\t<meta name=\"twitter:data1\" content=\"Musab \u00c7elikba\u015f\" \/>\n\t<meta name=\"twitter:label2\" content=\"Tahmini okuma s\u00fcresi\" \/>\n\t<meta name=\"twitter:data2\" content=\"6 dakika\" \/>\n<script type=\"application\/ld+json\" class=\"yoast-schema-graph\">{\"@context\":\"https:\/\/schema.org\",\"@graph\":[{\"@type\":\"Article\",\"@id\":\"https:\/\/sefedu.com.tr\/index.php\/2024\/12\/25\/sad-ne-demek-ingilizce\/#article\",\"isPartOf\":{\"@id\":\"https:\/\/sefedu.com.tr\/index.php\/2024\/12\/25\/sad-ne-demek-ingilizce\/\"},\"author\":{\"name\":\"Musab \u00c7elikba\u015f\",\"@id\":\"https:\/\/sefedu.com.tr\/#\/schema\/person\/e657e3d380d760ae528d1780c450d2b0\"},\"headline\":\"Sad Ne Demek \u0130ngilizce? 2024 [Detayl\u0131 Rehber]\",\"datePublished\":\"2024-12-25T09:34:36+00:00\",\"mainEntityOfPage\":{\"@id\":\"https:\/\/sefedu.com.tr\/index.php\/2024\/12\/25\/sad-ne-demek-ingilizce\/\"},\"wordCount\":1159,\"commentCount\":0,\"publisher\":{\"@id\":\"https:\/\/sefedu.com.tr\/#organization\"},\"image\":{\"@id\":\"https:\/\/sefedu.com.tr\/index.php\/2024\/12\/25\/sad-ne-demek-ingilizce\/#primaryimage\"},\"thumbnailUrl\":\"https:\/\/sefedu.com.tr\/wp-content\/uploads\/2024\/12\/g4d7a514fbb28111c38bdfffd2a851897afe65159889b8ec728aca78925131466e51a6791bbb546c5c6b3793f2f54d39ea25d7f921874af8bd294efe949daf624_1280.jpg.jpg\",\"inLanguage\":\"tr\",\"potentialAction\":[{\"@type\":\"CommentAction\",\"name\":\"Comment\",\"target\":[\"https:\/\/sefedu.com.tr\/index.php\/2024\/12\/25\/sad-ne-demek-ingilizce\/#respond\"]}]},{\"@type\":\"WebPage\",\"@id\":\"https:\/\/sefedu.com.tr\/index.php\/2024\/12\/25\/sad-ne-demek-ingilizce\/\",\"url\":\"https:\/\/sefedu.com.tr\/index.php\/2024\/12\/25\/sad-ne-demek-ingilizce\/\",\"name\":\"Sad Ne Demek \u0130ngilizce? 2024 [Detayl\u0131 Rehber] - SEF Education\",\"isPartOf\":{\"@id\":\"https:\/\/sefedu.com.tr\/#website\"},\"primaryImageOfPage\":{\"@id\":\"https:\/\/sefedu.com.tr\/index.php\/2024\/12\/25\/sad-ne-demek-ingilizce\/#primaryimage\"},\"image\":{\"@id\":\"https:\/\/sefedu.com.tr\/index.php\/2024\/12\/25\/sad-ne-demek-ingilizce\/#primaryimage\"},\"thumbnailUrl\":\"https:\/\/sefedu.com.tr\/wp-content\/uploads\/2024\/12\/g4d7a514fbb28111c38bdfffd2a851897afe65159889b8ec728aca78925131466e51a6791bbb546c5c6b3793f2f54d39ea25d7f921874af8bd294efe949daf624_1280.jpg.jpg\",\"datePublished\":\"2024-12-25T09:34:36+00:00\",\"description\":\"\\\"Sad ne demek? Bu yaz\u0131da \u0130ngilizce'de 'sad' kelimesinin anlam\u0131n\u0131 ve kullan\u0131m\u0131n\u0131 ke\u015ffedin!\\\"\",\"breadcrumb\":{\"@id\":\"https:\/\/sefedu.com.tr\/index.php\/2024\/12\/25\/sad-ne-demek-ingilizce\/#breadcrumb\"},\"inLanguage\":\"tr\",\"potentialAction\":[{\"@type\":\"ReadAction\",\"target\":[\"https:\/\/sefedu.com.tr\/index.php\/2024\/12\/25\/sad-ne-demek-ingilizce\/\"]}]},{\"@type\":\"ImageObject\",\"inLanguage\":\"tr\",\"@id\":\"https:\/\/sefedu.com.tr\/index.php\/2024\/12\/25\/sad-ne-demek-ingilizce\/#primaryimage\",\"url\":\"https:\/\/sefedu.com.tr\/wp-content\/uploads\/2024\/12\/g4d7a514fbb28111c38bdfffd2a851897afe65159889b8ec728aca78925131466e51a6791bbb546c5c6b3793f2f54d39ea25d7f921874af8bd294efe949daf624_1280.jpg.jpg\",\"contentUrl\":\"https:\/\/sefedu.com.tr\/wp-content\/uploads\/2024\/12\/g4d7a514fbb28111c38bdfffd2a851897afe65159889b8ec728aca78925131466e51a6791bbb546c5c6b3793f2f54d39ea25d7f921874af8bd294efe949daf624_1280.jpg.jpg\",\"width\":1280,\"height\":1280},{\"@type\":\"BreadcrumbList\",\"@id\":\"https:\/\/sefedu.com.tr\/index.php\/2024\/12\/25\/sad-ne-demek-ingilizce\/#breadcrumb\",\"itemListElement\":[{\"@type\":\"ListItem\",\"position\":1,\"name\":\"Anasayfa\",\"item\":\"https:\/\/sefedu.com.tr\/\"},{\"@type\":\"ListItem\",\"position\":2,\"name\":\"Sad Ne Demek \u0130ngilizce? 2024 [Detayl\u0131 Rehber]\"}]},{\"@type\":\"WebSite\",\"@id\":\"https:\/\/sefedu.com.tr\/#website\",\"url\":\"https:\/\/sefedu.com.tr\/\",\"name\":\"SEF Education\",\"description\":\"\u00c7ocu\u011funuzu gelece\u011fe haz\u0131rlay\u0131n!\",\"publisher\":{\"@id\":\"https:\/\/sefedu.com.tr\/#organization\"},\"potentialAction\":[{\"@type\":\"SearchAction\",\"target\":{\"@type\":\"EntryPoint\",\"urlTemplate\":\"https:\/\/sefedu.com.tr\/?s={search_term_string}\"},\"query-input\":{\"@type\":\"PropertyValueSpecification\",\"valueRequired\":true,\"valueName\":\"search_term_string\"}}],\"inLanguage\":\"tr\"},{\"@type\":\"Organization\",\"@id\":\"https:\/\/sefedu.com.tr\/#organization\",\"name\":\"SEF Education\",\"url\":\"https:\/\/sefedu.com.tr\/\",\"logo\":{\"@type\":\"ImageObject\",\"inLanguage\":\"tr\",\"@id\":\"https:\/\/sefedu.com.tr\/#\/schema\/logo\/image\/\",\"url\":\"https:\/\/sefedu.com.tr\/wp-content\/uploads\/2024\/09\/cropped-SEFAVM.png\",\"contentUrl\":\"https:\/\/sefedu.com.tr\/wp-content\/uploads\/2024\/09\/cropped-SEFAVM.png\",\"width\":512,\"height\":512,\"caption\":\"SEF Education\"},\"image\":{\"@id\":\"https:\/\/sefedu.com.tr\/#\/schema\/logo\/image\/\"},\"sameAs\":[\"https:\/\/www.facebook.com\/profile.php?id=61559411172122\",\"https:\/\/www.instagram.com\/sefeducation\/\"]},{\"@type\":\"Person\",\"@id\":\"https:\/\/sefedu.com.tr\/#\/schema\/person\/e657e3d380d760ae528d1780c450d2b0\",\"name\":\"Musab \u00c7elikba\u015f\",\"image\":{\"@type\":\"ImageObject\",\"inLanguage\":\"tr\",\"@id\":\"https:\/\/sefedu.com.tr\/#\/schema\/person\/image\/\",\"url\":\"https:\/\/secure.gravatar.com\/avatar\/a23dd9280c34bf92a6d366517a159d305f4673c0c70d838865622beb1fa485b5?s=96&d=mm&r=g\",\"contentUrl\":\"https:\/\/secure.gravatar.com\/avatar\/a23dd9280c34bf92a6d366517a159d305f4673c0c70d838865622beb1fa485b5?s=96&d=mm&r=g\",\"caption\":\"Musab \u00c7elikba\u015f\"},\"sameAs\":[\"https:\/\/sefedu.com.tr\"],\"url\":\"https:\/\/sefedu.com.tr\/index.php\/author\/musabc3161gmail-com\/\"}]}<\/script>\n<!-- \/ Yoast SEO plugin. -->","yoast_head_json":{"title":"Sad Ne Demek \u0130ngilizce? 2024 [Detayl\u0131 Rehber] - SEF Education","description":"\"Sad ne demek? Bu yaz\u0131da \u0130ngilizce'de 'sad' kelimesinin anlam\u0131n\u0131 ve kullan\u0131m\u0131n\u0131 ke\u015ffedin!\"","robots":{"index":"index","follow":"follow","max-snippet":"max-snippet:-1","max-image-preview":"max-image-preview:large","max-video-preview":"max-video-preview:-1"},"canonical":"https:\/\/sefedu.com.tr\/index.php\/2024\/12\/25\/sad-ne-demek-ingilizce\/","og_locale":"tr_TR","og_type":"article","og_title":"Sad Ne Demek \u0130ngilizce? 2024 [Detayl\u0131 Rehber] - SEF Education","og_description":"\"Sad ne demek? Bu yaz\u0131da \u0130ngilizce'de 'sad' kelimesinin anlam\u0131n\u0131 ve kullan\u0131m\u0131n\u0131 ke\u015ffedin!\"","og_url":"https:\/\/sefedu.com.tr\/index.php\/2024\/12\/25\/sad-ne-demek-ingilizce\/","og_site_name":"SEF Education","article_publisher":"https:\/\/www.facebook.com\/profile.php?id=61559411172122","article_published_time":"2024-12-25T09:34:36+00:00","og_image":[{"width":1280,"height":1280,"url":"https:\/\/sefedu.com.tr\/wp-content\/uploads\/2024\/12\/g4d7a514fbb28111c38bdfffd2a851897afe65159889b8ec728aca78925131466e51a6791bbb546c5c6b3793f2f54d39ea25d7f921874af8bd294efe949daf624_1280.jpg.jpg","type":"image\/jpeg"}],"author":"Musab \u00c7elikba\u015f","twitter_card":"summary_large_image","twitter_misc":{"Yazan:":"Musab \u00c7elikba\u015f","Tahmini okuma s\u00fcresi":"6 dakika"},"schema":{"@context":"https:\/\/schema.org","@graph":[{"@type":"Article","@id":"https:\/\/sefedu.com.tr\/index.php\/2024\/12\/25\/sad-ne-demek-ingilizce\/#article","isPartOf":{"@id":"https:\/\/sefedu.com.tr\/index.php\/2024\/12\/25\/sad-ne-demek-ingilizce\/"},"author":{"name":"Musab \u00c7elikba\u015f","@id":"https:\/\/sefedu.com.tr\/#\/schema\/person\/e657e3d380d760ae528d1780c450d2b0"},"headline":"Sad Ne Demek \u0130ngilizce? 2024 [Detayl\u0131 Rehber]","datePublished":"2024-12-25T09:34:36+00:00","mainEntityOfPage":{"@id":"https:\/\/sefedu.com.tr\/index.php\/2024\/12\/25\/sad-ne-demek-ingilizce\/"},"wordCount":1159,"commentCount":0,"publisher":{"@id":"https:\/\/sefedu.com.tr\/#organization"},"image":{"@id":"https:\/\/sefedu.com.tr\/index.php\/2024\/12\/25\/sad-ne-demek-ingilizce\/#primaryimage"},"thumbnailUrl":"https:\/\/sefedu.com.tr\/wp-content\/uploads\/2024\/12\/g4d7a514fbb28111c38bdfffd2a851897afe65159889b8ec728aca78925131466e51a6791bbb546c5c6b3793f2f54d39ea25d7f921874af8bd294efe949daf624_1280.jpg.jpg","inLanguage":"tr","potentialAction":[{"@type":"CommentAction","name":"Comment","target":["https:\/\/sefedu.com.tr\/index.php\/2024\/12\/25\/sad-ne-demek-ingilizce\/#respond"]}]},{"@type":"WebPage","@id":"https:\/\/sefedu.com.tr\/index.php\/2024\/12\/25\/sad-ne-demek-ingilizce\/","url":"https:\/\/sefedu.com.tr\/index.php\/2024\/12\/25\/sad-ne-demek-ingilizce\/","name":"Sad Ne Demek \u0130ngilizce? 2024 [Detayl\u0131 Rehber] - SEF Education","isPartOf":{"@id":"https:\/\/sefedu.com.tr\/#website"},"primaryImageOfPage":{"@id":"https:\/\/sefedu.com.tr\/index.php\/2024\/12\/25\/sad-ne-demek-ingilizce\/#primaryimage"},"image":{"@id":"https:\/\/sefedu.com.tr\/index.php\/2024\/12\/25\/sad-ne-demek-ingilizce\/#primaryimage"},"thumbnailUrl":"https:\/\/sefedu.com.tr\/wp-content\/uploads\/2024\/12\/g4d7a514fbb28111c38bdfffd2a851897afe65159889b8ec728aca78925131466e51a6791bbb546c5c6b3793f2f54d39ea25d7f921874af8bd294efe949daf624_1280.jpg.jpg","datePublished":"2024-12-25T09:34:36+00:00","description":"\"Sad ne demek? Bu yaz\u0131da \u0130ngilizce'de 'sad' kelimesinin anlam\u0131n\u0131 ve kullan\u0131m\u0131n\u0131 ke\u015ffedin!\"","breadcrumb":{"@id":"https:\/\/sefedu.com.tr\/index.php\/2024\/12\/25\/sad-ne-demek-ingilizce\/#breadcrumb"},"inLanguage":"tr","potentialAction":[{"@type":"ReadAction","target":["https:\/\/sefedu.com.tr\/index.php\/2024\/12\/25\/sad-ne-demek-ingilizce\/"]}]},{"@type":"ImageObject","inLanguage":"tr","@id":"https:\/\/sefedu.com.tr\/index.php\/2024\/12\/25\/sad-ne-demek-ingilizce\/#primaryimage","url":"https:\/\/sefedu.com.tr\/wp-content\/uploads\/2024\/12\/g4d7a514fbb28111c38bdfffd2a851897afe65159889b8ec728aca78925131466e51a6791bbb546c5c6b3793f2f54d39ea25d7f921874af8bd294efe949daf624_1280.jpg.jpg","contentUrl":"https:\/\/sefedu.com.tr\/wp-content\/uploads\/2024\/12\/g4d7a514fbb28111c38bdfffd2a851897afe65159889b8ec728aca78925131466e51a6791bbb546c5c6b3793f2f54d39ea25d7f921874af8bd294efe949daf624_1280.jpg.jpg","width":1280,"height":1280},{"@type":"BreadcrumbList","@id":"https:\/\/sefedu.com.tr\/index.php\/2024\/12\/25\/sad-ne-demek-ingilizce\/#breadcrumb","itemListElement":[{"@type":"ListItem","position":1,"name":"Anasayfa","item":"https:\/\/sefedu.com.tr\/"},{"@type":"ListItem","position":2,"name":"Sad Ne Demek \u0130ngilizce? 2024 [Detayl\u0131 Rehber]"}]},{"@type":"WebSite","@id":"https:\/\/sefedu.com.tr\/#website","url":"https:\/\/sefedu.com.tr\/","name":"SEF Education","description":"\u00c7ocu\u011funuzu gelece\u011fe haz\u0131rlay\u0131n!","publisher":{"@id":"https:\/\/sefedu.com.tr\/#organization"},"potentialAction":[{"@type":"SearchAction","target":{"@type":"EntryPoint","urlTemplate":"https:\/\/sefedu.com.tr\/?s={search_term_string}"},"query-input":{"@type":"PropertyValueSpecification","valueRequired":true,"valueName":"search_term_string"}}],"inLanguage":"tr"},{"@type":"Organization","@id":"https:\/\/sefedu.com.tr\/#organization","name":"SEF Education","url":"https:\/\/sefedu.com.tr\/","logo":{"@type":"ImageObject","inLanguage":"tr","@id":"https:\/\/sefedu.com.tr\/#\/schema\/logo\/image\/","url":"https:\/\/sefedu.com.tr\/wp-content\/uploads\/2024\/09\/cropped-SEFAVM.png","contentUrl":"https:\/\/sefedu.com.tr\/wp-content\/uploads\/2024\/09\/cropped-SEFAVM.png","width":512,"height":512,"caption":"SEF Education"},"image":{"@id":"https:\/\/sefedu.com.tr\/#\/schema\/logo\/image\/"},"sameAs":["https:\/\/www.facebook.com\/profile.php?id=61559411172122","https:\/\/www.instagram.com\/sefeducation\/"]},{"@type":"Person","@id":"https:\/\/sefedu.com.tr\/#\/schema\/person\/e657e3d380d760ae528d1780c450d2b0","name":"Musab \u00c7elikba\u015f","image":{"@type":"ImageObject","inLanguage":"tr","@id":"https:\/\/sefedu.com.tr\/#\/schema\/person\/image\/","url":"https:\/\/secure.gravatar.com\/avatar\/a23dd9280c34bf92a6d366517a159d305f4673c0c70d838865622beb1fa485b5?s=96&d=mm&r=g","contentUrl":"https:\/\/secure.gravatar.com\/avatar\/a23dd9280c34bf92a6d366517a159d305f4673c0c70d838865622beb1fa485b5?s=96&d=mm&r=g","caption":"Musab \u00c7elikba\u015f"},"sameAs":["https:\/\/sefedu.com.tr"],"url":"https:\/\/sefedu.com.tr\/index.php\/author\/musabc3161gmail-com\/"}]}},"yoast_meta":{"yoast_wpseo_title":"","yoast_wpseo_metadesc":"","yoast_wpseo_canonical":""},"amp_enabled":true,"_links":{"self":[{"href":"https:\/\/sefedu.com.tr\/index.php\/wp-json\/wp\/v2\/posts\/1763","targetHints":{"allow":["GET"]}}],"collection":[{"href":"https:\/\/sefedu.com.tr\/index.php\/wp-json\/wp\/v2\/posts"}],"about":[{"href":"https:\/\/sefedu.com.tr\/index.php\/wp-json\/wp\/v2\/types\/post"}],"author":[{"embeddable":true,"href":"https:\/\/sefedu.com.tr\/index.php\/wp-json\/wp\/v2\/users\/1"}],"replies":[{"embeddable":true,"href":"https:\/\/sefedu.com.tr\/index.php\/wp-json\/wp\/v2\/comments?post=1763"}],"version-history":[{"count":0,"href":"https:\/\/sefedu.com.tr\/index.php\/wp-json\/wp\/v2\/posts\/1763\/revisions"}],"wp:featuredmedia":[{"embeddable":true,"href":"https:\/\/sefedu.com.tr\/index.php\/wp-json\/wp\/v2\/media\/1760"}],"wp:attachment":[{"href":"https:\/\/sefedu.com.tr\/index.php\/wp-json\/wp\/v2\/media?parent=1763"}],"wp:term":[{"taxonomy":"category","embeddable":true,"href":"https:\/\/sefedu.com.tr\/index.php\/wp-json\/wp\/v2\/categories?post=1763"},{"taxonomy":"post_tag","embeddable":true,"href":"https:\/\/sefedu.com.tr\/index.php\/wp-json\/wp\/v2\/tags?post=1763"}],"curies":[{"name":"wp","href":"https:\/\/api.w.org\/{rel}","templated":true}]}}