{"id":1827,"date":"2024-12-30T13:06:58","date_gmt":"2024-12-30T10:06:58","guid":{"rendered":"https:\/\/sefedu.com.tr\/index.php\/2024\/12\/30\/b1-ingilizce-kac-ayda-ogrenilir\/"},"modified":"2024-12-30T13:06:58","modified_gmt":"2024-12-30T10:06:58","slug":"b1-ingilizce-kac-ayda-ogrenilir","status":"publish","type":"post","link":"https:\/\/sefedu.com.tr\/index.php\/2024\/12\/30\/b1-ingilizce-kac-ayda-ogrenilir\/","title":{"rendered":"B1 \u0130ngilizce \u00d6\u011frenme S\u00fcresi 2024 [Detayl\u0131 Rehber]"},"content":{"rendered":"<h1>\u0130ngilizce B1 Seviyesi Ka\u00e7 Ayda \u00d6\u011frenilir?<\/p>\n<p><strong>\u0130ngilizce B1 Seviyesi<\/strong>, dil \u00f6\u011freniminde orta d\u00fczey bir yetkinli\u011fi ifade eder. Bu seviye, bireylerin \u0130ngilizceyi g\u00fcnl\u00fck hayatta etkin bir \u015fekilde kullanabilmelerini sa\u011flar. Peki, <strong><strong>\u0130ngilizce B1 seviyesi ka\u00e7 ayda \u00f6\u011frenilir<strong><strong>? Bu sorunun yan\u0131t\u0131, bir\u00e7ok fakt\u00f6re ba\u011fl\u0131 olarak de\u011fi\u015fir. Yaz\u0131n\u0131n devam\u0131nda, B1 seviyesine ula\u015fman\u0131n s\u00fcresini etkileyen unsurlar\u0131 detayl\u0131 bir \u015fekilde inceleyece\u011fiz.<\/p>\n<p>\u0130lginizi \u00c7ekebilir: <a href='https:\/\/musabcelikbas.com.tr\/2024\/12\/29\/yavru-ragamuffin-bakimi\/'>&#8216;Yavru Ragamuffin Bak\u0131m\u0131 2024 [Detayl\u0131 Rehber]&#8217;<\/a><\/p>\n<p><img src='https:\/\/sefedu.com.tr\/wp-content\/uploads\/2024\/12\/gc1879cb1d6d7b0a858d96fac94af88f22a92de071eec971934747a010cbd13b1051a9ce97cb47b29514756ba4fdd5f89f1ef36f9046f1bad8c2d4502bf04af88_1280.jpg.jpg' alt='B1 \u0130ngilizce ka\u00e7 ayda \u00f6\u011frenilir?' style='max-width:100%; height:auto;'><\/p>\n<h2>B1 Seviyesine Ula\u015fma S\u00fcresini Etkileyen Fakt\u00f6rler<\/p>\n<p><strong><strong>B1 seviyesine<strong><strong> ula\u015fma s\u00fcresi, her birey i\u00e7in farkl\u0131l\u0131k g\u00f6sterir. \u0130lk olarak, \u00f6\u011frencinin tecr\u00fcbesi, \u00f6\u011frenme s\u00fcrecini etkileyen \u00f6nemli bir fakt\u00f6rd\u00fcr. E\u011fer \u00f6\u011frenci daha \u00f6nce temel bir \u0130ngilizce bilgisine sahipse, \u00f6\u011frenme s\u00fcreci k\u0131sal\u0131r. Ba\u015flang\u0131\u00e7 seviyesinden B1 seviyesine ilerlemek ise daha fazla zaman alabilir. <\/p>\n<p>Bir di\u011fer kritik unsur ise <strong><strong>\u00f6\u011frenme y\u00f6ntemleridir<strong><strong>. Geleneksel ders yap\u0131s\u0131n\u0131n d\u0131\u015f\u0131nda, bireylerin pratik yapabilece\u011fi dostane ortamlar yaratmak, \u00f6\u011frenmeyi h\u0131zland\u0131r\u0131r. \u00d6rne\u011fin, dil de\u011fi\u015fim programlar\u0131 veya yurtd\u0131\u015f\u0131nda dil okullar\u0131na kat\u0131larak \u0130ngilizce maruziyeti sa\u011flanabilir. Dolay\u0131s\u0131yla, \u00f6\u011frenme metodunu de\u011fi\u015ftirerek h\u0131z kazanmak m\u00fcmk\u00fcnd\u00fcr.<\/p>\n<h3>\u00d6\u011frenme Motivasyonu ve Hedefler<\/p>\n<p>Tabii ki, <strong><strong>\u00f6\u011frenme motivasyonu<strong><strong>, ba\u015far\u0131y\u0131 belirleyen \u00f6nemli bir unsurdur. Motivasyonu y\u00fcksek olan bir \u00f6\u011frenci, dil \u00f6\u011frenme s\u00fcrecinde daha aktif olacakt\u0131r. Hedef belirlemek ve d\u00fczenli \u00e7al\u0131\u015fma al\u0131\u015fkanl\u0131klar\u0131 geli\u015ftirmek, \u00f6\u011frencinin hedefine ula\u015fmas\u0131n\u0131 kolayla\u015ft\u0131r\u0131r. Bu hedefler, bir s\u00fcre zarf\u0131nda belirli konular \u00fczerinde yo\u011funla\u015fmay\u0131 da i\u00e7erebilir. Dolay\u0131s\u0131yla, hedeflerinizi netle\u015ftirerek h\u0131z kazanabilirsiniz.<\/p>\n<p>E\u011fer g\u00fcn boyunca \u0130ngilizce ile temas h\u00e2lindeyseniz, bu durum <strong><strong>dil maruziyetini<strong><strong> art\u0131r\u0131r. Filmler, podcastler veya sosyal medya i\u00e7erikleri gibi kaynaklara y\u00f6nelmek, \u00f6\u011frendiklerinizin prati\u011fini yapman\u0131z\u0131 sa\u011flar. B\u00f6ylelikle, dil \u00f6\u011frenme s\u00fcreci e\u011flenceli hale gelir ve birey, dili kendili\u011finden \u00f6\u011frenme \u015fans\u0131 yakalar. <\/p>\n<h2>H\u0131zl\u0131 \u00d6\u011frenme \u0130\u00e7in \u0130pu\u00e7lar\u0131<\/p>\n<p>E\u011fer hedefiniz h\u0131zl\u0131 bir \u015fekilde <strong><strong>B1 seviyesine ula\u015fmak<strong><strong>sa, baz\u0131 sistematik yakla\u015f\u0131mlar benimsemeniz faydal\u0131 olacakt\u0131r. A\u015fa\u011f\u0131da, h\u0131zl\u0131 \u00f6\u011frenme i\u00e7in temel ipu\u00e7lar\u0131n\u0131 bulabilirsiniz.<\/p>\n<h3>D\u00fczenli Pratik Yapmak<\/p>\n<p><strong><strong>H\u0131zl\u0131 \u00f6\u011frenme<strong><strong> i\u00e7in en kilit ad\u0131mlardan biri, d\u00fczenli pratik yapmakt\u0131r. Her g\u00fcn belirli bir zaman dilimini \u0130ngilizceye ay\u0131rmal\u0131s\u0131n\u0131z. Kelime haznenizi geni\u015fletmek, dil bilgisi kurallar\u0131n\u0131 peki\u015ftirmek ve dinleme becerinizi geli\u015ftirmek ad\u0131na her g\u00fcn az da olsa \u00e7al\u0131\u015fmal\u0131s\u0131n\u0131z. Bu s\u00fcre zarf\u0131nda, \u0130ngilizce konu\u015fma ve dinleme aktivitelerine y\u00f6nelmek, geli\u015fiminiz i\u00e7in b\u00fcy\u00fck katk\u0131 sa\u011flar.<\/p>\n<h3>Yo\u011fun Dil Kurslar\u0131<\/p>\n<p><strong><strong>Dil kurslar\u0131<strong><strong> konusunda disiplinli bir yakla\u015f\u0131m benimsemek, \u00f6\u011frenmeyi h\u0131zland\u0131racakt\u0131r. Yo\u011fun kurs programlar\u0131, dilin farkl\u0131 y\u00f6nlerini ele al\u0131r ve sizi do\u011fal bir ortama y\u00f6nlendirir. Bu t\u00fcr kurslar, \u00f6\u011fretmen deste\u011fiyle bireyleri aktif k\u0131lar ve derinlemesine \u00f6\u011frenme imk\u00e2n\u0131 tan\u0131r. Belirli konularda bilgi sahibi olmak, ki\u015fisel geli\u015fiminizi destekler.<\/p>\n<p>Online dil platformlar\u0131 da alternatif olarak kullan\u0131labilir. Bu t\u00fcr uygulamalar, kullan\u0131c\u0131lar\u0131n \u00e7a\u011fda\u015f \u00f6\u011frenme y\u00f6ntemlerine ula\u015fmas\u0131n\u0131 sa\u011flar. <strong><strong>Teknoloji<strong><strong>, \u00f6\u011frenme s\u00fcrecini daha e\u011flenceli ve etkile\u015fimli k\u0131lar. G\u00fcnl\u00fck olarak bu uygulamalar\u0131 kullanmak, h\u0131zl\u0131 ilerlemenize katk\u0131 sa\u011flar.<\/p>\n<p>\u0130lginizi \u00c7ekebilir: <a href='https:\/\/musabcelikbas.com.tr\/2024\/12\/29\/selkirk-rex-ozellikleri\/'>&#8216;Selkirk Rex Kedisi \u00d6zellikleri 2024 [Detayl\u0131 Rehber]&#8217;<\/a><\/p>\n<p><img src='https:\/\/sefedu.com.tr\/wp-content\/uploads\/2024\/12\/gebacfa93ed11fa6b590ad54630c6800af1b0270b9f92b4b22a58c93ed485ad18e7b49a4fe69f57ec161ac33ec50b194bd1a48712716842560f8456343a8c4037_1280.jpg.jpg' alt='B1 \u0130ngilizce ka\u00e7 ayda \u00f6\u011frenilir?' style='max-width:100%; height:auto;'><\/p>\n<h2>B1 \u0130ngilizce Sertifikas\u0131: Orta D\u00fczey Dil Yetkinli\u011fi<\/p>\n<p>Dil e\u011fitimi alan\u0131nda, <strong><strong>B1 \u0130ngilizce sertifikas\u0131<strong><strong>, bireylerin yeterliliklerini belgeleyen \u00f6nemli bir belgedir. Bu sertifika, bir ki\u015finin dil bilgisi ve becerilerini kan\u0131tlar. \u00d6zellikle okul ve i\u015f ba\u015fvurular\u0131nda, bu sertifika b\u00fcy\u00fck bir avantaj sa\u011flar. G\u00fcn\u00fcm\u00fcz d\u00fcnyas\u0131nda, bir\u00e7ok i\u015fveren \u0130ngilizce dil yeterlili\u011fini arar; dolay\u0131s\u0131yla, bu sertifikaya sahip olmak kariyer hedeflerinize ula\u015fman\u0131z\u0131 destekler.<\/p>\n<h3>Sertifikan\u0131n \u00d6nemi<\/p>\n<p>B1 seviyesine ula\u015fmak, yaln\u0131zca dil bilgisini belgelemenin \u00f6tesinde, \u00f6\u011frencilere unutulmaz bir deneyim sunar. <strong><strong>Dil sertifikas\u0131<strong><strong>, bireylere yeni kap\u0131lar a\u00e7ar. \u00d6rne\u011fin, yurtd\u0131\u015f\u0131nda \u00e7al\u0131\u015fma veya e\u011fitim f\u0131rsatlar\u0131, sertifika sayesinde m\u00fcmk\u00fcnd\u00fcr. Bununla birlikte, sertifikaya sahip olmak hedeflerinizi belirlemede motivasyon sa\u011flar.<\/p>\n<p>Sertifika almak sadece zorunluluk de\u011fil, ayn\u0131 zamanda bir ba\u015far\u0131d\u0131r. \u00d6\u011frenciler, s\u0131nav s\u00fcreci boyunca \u00f6nemli bir deneyim kazan\u0131r, bu da onlar\u0131 gelece\u011fe haz\u0131rlayan bir ad\u0131m olur. Elbette, daha ileri seviyelere ge\u00e7erek B2 veya C1 gibi seviyeleri hedeflemek de \u00f6\u011frenim s\u00fcrecini daha geni\u015f bir perspektife yayar. Bu a\u015famalarda galip gelerek, daha kapsaml\u0131 bir dil yeterlili\u011fi elde edebilirsiniz.<\/p>\n<h2>B1 Seviye \u0130ngilizce \u0130yi mi?<\/p>\n<p>Peki, <strong><strong>B1 seviye \u0130ngilizce<strong><strong> yeterli midir? Asl\u0131nda, bir\u00e7ok ki\u015fi i\u00e7in bu seviye olduk\u00e7a tatminkar olabilir. Orta d\u00fczey olarak kabul edilen B1, \u00e7o\u011fu ki\u015fiyle ileti\u015fim kurabilme, temel konularda fikir al\u0131\u015fveri\u015fi yapabilme ve g\u00fcnl\u00fck ya\u015famda gerekli olan dil becerilerini kulland\u0131rma yetene\u011fi sa\u011flar.<\/p>\n<h3>\u0130\u015f Hayat\u0131nda B1 Seviyesi<\/p>\n<p>\u0130\u015f hayat\u0131nda B1 seviyesi, temel \u0130ngilizce becerilerini destekler. \u0130\u015f toplant\u0131lar\u0131nda toplant\u0131 notlar\u0131n\u0131 almak veya e-posta yazmak gibi g\u00fcnl\u00fck hayatta s\u0131k\u00e7a kar\u015f\u0131la\u015faca\u011f\u0131n\u0131z \u0130ngilizce becerileri edinmek m\u00fcmk\u00fcnd\u00fcr. Ek olarak, yolculuk yaparken veya sosyal ortamlarda, B1 seviyesi d\u00f6n\u00fc\u015f\u00fcml\u00fc bir ileti\u015fim sa\u011flar. Ancak, daha \u00fcst d\u00fczey teknik bilgiler ve metinleri anlamak i\u00e7in, B2 ve C1 seviyelerine ge\u00e7mek \u00f6nemlidir.<\/p>\n<p>Bu noktada, e\u011fer profesyonel kariyer hedefliyorsan\u0131z, B1 seviyesini bir ba\u015flang\u0131\u00e7 noktas\u0131 olarak g\u00f6rebilirsiniz. Ancak daha fazla bilgi edinmek ve ileti\u015fim becerilerinizi geli\u015ftirmek i\u00e7in hedeflerinizi g\u00f6zden ge\u00e7irmeniz gerekir. Unutmay\u0131n ki, dil \u00f6\u011frenme yolculu\u011fu, s\u00fcrekli olarak kendinizi geli\u015ftirmek i\u00e7in bir f\u0131rsatt\u0131r!<\/p>\n<h2>Sonu\u00e7<\/p>\n<p>\u00d6zetlemek gerekirse, <strong><strong>\u0130ngilizce B1 seviyesi ka\u00e7 ayda \u00f6\u011frenilir<strong><strong> sorusunun yan\u0131t\u0131 kesin bir s\u00fcre vermese de, d\u00fczenli pratik ve do\u011fru y\u00f6ntemlerle bir\u00e7ok ki\u015fi bu seviyeye 6-12 ay i\u00e7inde ula\u015fabilir. Ancak s\u00fcrecin her birey i\u00e7in farkl\u0131 olaca\u011f\u0131n\u0131 ve h\u0131z\u0131n ki\u015finin motivasyonu ile do\u011frudan ili\u015fkili oldu\u011funu belirtmekte fayda var. Unutmay\u0131n ki, dil \u00f6\u011freniminde en \u00f6nemli unsur, motivasyon ve \u00f6zveridir!<\/p>\n<p>\u0130lginizi \u00c7ekebilir: <a href='https:\/\/musabcelikbas.com.tr\/2024\/12\/29\/selkirk-rex-bakimi\/'>&#8216;Selkirk Rex Bak\u0131m\u0131 2024 [Detayl\u0131 Rehber]&#8217;<\/a><br \/>\n<img src='https:\/\/sefedu.com.tr\/wp-content\/uploads\/2024\/12\/gdba5c71bfbaa2c6e10a7a88d4959db2e367f45360c9cc73c949d401e713db042e791fdb788caaacaae1f7a8d46b31c7fec7ec4eea59cc15584e32a521d96be0e_1280.jpg.jpg' alt='B1 \u0130ngilizce ka\u00e7 ayda \u00f6\u011frenilir?' style='max-width:100%; height:auto;'><\/p>\n<p><strong><strong>Kaynak\u00e7a:<strong><strong><br \/>\n1. <a href='https:\/\/www.justenglishtr.com\/Blog\/ingilizce-b1-seviyesi-kac-ayda-ogrenilir'>Just English \u0130ngilizce B1 Seviyesi Ka\u00e7 Ayda \u00d6\u011frenilir? &#8211; Blog<\/a><br \/>\n2. <a href='https:\/\/dilokulumalta.com\/ingilizce-seviyeleri\/'>\u0130ngilizce Seviyeleri A1, A2, B1, B2, C1, C2 ve Anlamlar\u0131<\/a><br \/>\n3. <a href='https:\/\/www.candelasegitim.com\/mobile\/a1-seviye-ingilizce-kac-ayda-ogrenilir-detay'>A1 SEV\u0130YE \u0130NG\u0130L\u0130ZCE KA\u00c7 AYDA \u00d6\u011eREN\u0130L\u0130R?<\/a><br \/>\n4. <a href='https:\/\/www.technopat.net\/sosyal\/konu\/3-ayda-b1-ingilizce-ne-kadar-gelisir.2435622\/'>3 ayda B1 \u0130ngilizce ne kadar geli\u015fir? | Technopat Sosyal<\/a>  <\/p>\n<p>Bu makalede, B1 seviyesine ula\u015fman\u0131n yollar\u0131n\u0131 detayl\u0131 bir \u015fekilde incelerken \u00f6nemli noktalar\u0131 vurgulad\u0131k. Siz de bu s\u00fcre\u00e7te hedeflerinizi netle\u015ftirerek, \u00f6\u011frenme yolculu\u011funuzu daha keyifli hale getirebilirsiniz!<\/p>\n","protected":false},"excerpt":{"rendered":"<p>&#8220;B1 \u0130ngilizce \u00f6\u011frenmek i\u00e7in ne kadar s\u00fcre gerekir? Bu yaz\u0131m\u0131zda \u00f6\u011frenim s\u00fcrecini ve etkili y\u00f6ntemleri ke\u015ffedin!&#8221;<\/p>\n","protected":false},"author":1,"featured_media":1824,"comment_status":"open","ping_status":"open","sticky":false,"template":"","format":"standard","meta":{"footnotes":""},"categories":[],"tags":[],"class_list":["post-1827","post","type-post","status-publish","format-standard","has-post-thumbnail","hentry"],"yoast_head":"<!-- This site is optimized with the Yoast SEO plugin v25.0 - https:\/\/yoast.com\/wordpress\/plugins\/seo\/ -->\n<title>B1 \u0130ngilizce \u00d6\u011frenme S\u00fcresi 2024 [Detayl\u0131 Rehber] - SEF Education<\/title>\n<meta name=\"description\" content=\"&quot;B1 \u0130ngilizce \u00f6\u011frenmek i\u00e7in ne kadar s\u00fcre gerekir? Bu yaz\u0131m\u0131zda \u00f6\u011frenim s\u00fcrecini ve etkili y\u00f6ntemleri ke\u015ffedin!&quot;\" \/>\n<meta name=\"robots\" content=\"index, follow, max-snippet:-1, max-image-preview:large, max-video-preview:-1\" \/>\n<link rel=\"canonical\" href=\"https:\/\/sefedu.com.tr\/index.php\/2024\/12\/30\/b1-ingilizce-kac-ayda-ogrenilir\/\" \/>\n<meta property=\"og:locale\" content=\"tr_TR\" \/>\n<meta property=\"og:type\" content=\"article\" \/>\n<meta property=\"og:title\" content=\"B1 \u0130ngilizce \u00d6\u011frenme S\u00fcresi 2024 [Detayl\u0131 Rehber] - SEF Education\" \/>\n<meta property=\"og:description\" content=\"&quot;B1 \u0130ngilizce \u00f6\u011frenmek i\u00e7in ne kadar s\u00fcre gerekir? Bu yaz\u0131m\u0131zda \u00f6\u011frenim s\u00fcrecini ve etkili y\u00f6ntemleri ke\u015ffedin!&quot;\" \/>\n<meta property=\"og:url\" content=\"https:\/\/sefedu.com.tr\/index.php\/2024\/12\/30\/b1-ingilizce-kac-ayda-ogrenilir\/\" \/>\n<meta property=\"og:site_name\" content=\"SEF Education\" \/>\n<meta property=\"article:publisher\" content=\"https:\/\/www.facebook.com\/profile.php?id=61559411172122\" \/>\n<meta property=\"article:published_time\" content=\"2024-12-30T10:06:58+00:00\" \/>\n<meta property=\"og:image\" content=\"https:\/\/sefedu.com.tr\/wp-content\/uploads\/2024\/12\/gc1879cb1d6d7b0a858d96fac94af88f22a92de071eec971934747a010cbd13b1051a9ce97cb47b29514756ba4fdd5f89f1ef36f9046f1bad8c2d4502bf04af88_1280.jpg.jpg\" \/>\n\t<meta property=\"og:image:width\" content=\"1280\" \/>\n\t<meta property=\"og:image:height\" content=\"1280\" \/>\n\t<meta property=\"og:image:type\" content=\"image\/jpeg\" \/>\n<meta name=\"author\" content=\"Musab \u00c7elikba\u015f\" \/>\n<meta name=\"twitter:card\" content=\"summary_large_image\" \/>\n<meta name=\"twitter:label1\" content=\"Yazan:\" \/>\n\t<meta name=\"twitter:data1\" content=\"Musab \u00c7elikba\u015f\" \/>\n\t<meta name=\"twitter:label2\" content=\"Tahmini okuma s\u00fcresi\" \/>\n\t<meta name=\"twitter:data2\" content=\"6 dakika\" \/>\n<script type=\"application\/ld+json\" class=\"yoast-schema-graph\">{\"@context\":\"https:\/\/schema.org\",\"@graph\":[{\"@type\":\"Article\",\"@id\":\"https:\/\/sefedu.com.tr\/index.php\/2024\/12\/30\/b1-ingilizce-kac-ayda-ogrenilir\/#article\",\"isPartOf\":{\"@id\":\"https:\/\/sefedu.com.tr\/index.php\/2024\/12\/30\/b1-ingilizce-kac-ayda-ogrenilir\/\"},\"author\":{\"name\":\"Musab \u00c7elikba\u015f\",\"@id\":\"https:\/\/sefedu.com.tr\/#\/schema\/person\/e657e3d380d760ae528d1780c450d2b0\"},\"headline\":\"B1 \u0130ngilizce \u00d6\u011frenme S\u00fcresi 2024 [Detayl\u0131 Rehber]\",\"datePublished\":\"2024-12-30T10:06:58+00:00\",\"mainEntityOfPage\":{\"@id\":\"https:\/\/sefedu.com.tr\/index.php\/2024\/12\/30\/b1-ingilizce-kac-ayda-ogrenilir\/\"},\"wordCount\":1144,\"commentCount\":0,\"publisher\":{\"@id\":\"https:\/\/sefedu.com.tr\/#organization\"},\"image\":{\"@id\":\"https:\/\/sefedu.com.tr\/index.php\/2024\/12\/30\/b1-ingilizce-kac-ayda-ogrenilir\/#primaryimage\"},\"thumbnailUrl\":\"https:\/\/sefedu.com.tr\/wp-content\/uploads\/2024\/12\/gc1879cb1d6d7b0a858d96fac94af88f22a92de071eec971934747a010cbd13b1051a9ce97cb47b29514756ba4fdd5f89f1ef36f9046f1bad8c2d4502bf04af88_1280.jpg.jpg\",\"inLanguage\":\"tr\",\"potentialAction\":[{\"@type\":\"CommentAction\",\"name\":\"Comment\",\"target\":[\"https:\/\/sefedu.com.tr\/index.php\/2024\/12\/30\/b1-ingilizce-kac-ayda-ogrenilir\/#respond\"]}]},{\"@type\":\"WebPage\",\"@id\":\"https:\/\/sefedu.com.tr\/index.php\/2024\/12\/30\/b1-ingilizce-kac-ayda-ogrenilir\/\",\"url\":\"https:\/\/sefedu.com.tr\/index.php\/2024\/12\/30\/b1-ingilizce-kac-ayda-ogrenilir\/\",\"name\":\"B1 \u0130ngilizce \u00d6\u011frenme S\u00fcresi 2024 [Detayl\u0131 Rehber] - SEF Education\",\"isPartOf\":{\"@id\":\"https:\/\/sefedu.com.tr\/#website\"},\"primaryImageOfPage\":{\"@id\":\"https:\/\/sefedu.com.tr\/index.php\/2024\/12\/30\/b1-ingilizce-kac-ayda-ogrenilir\/#primaryimage\"},\"image\":{\"@id\":\"https:\/\/sefedu.com.tr\/index.php\/2024\/12\/30\/b1-ingilizce-kac-ayda-ogrenilir\/#primaryimage\"},\"thumbnailUrl\":\"https:\/\/sefedu.com.tr\/wp-content\/uploads\/2024\/12\/gc1879cb1d6d7b0a858d96fac94af88f22a92de071eec971934747a010cbd13b1051a9ce97cb47b29514756ba4fdd5f89f1ef36f9046f1bad8c2d4502bf04af88_1280.jpg.jpg\",\"datePublished\":\"2024-12-30T10:06:58+00:00\",\"description\":\"\\\"B1 \u0130ngilizce \u00f6\u011frenmek i\u00e7in ne kadar s\u00fcre gerekir? Bu yaz\u0131m\u0131zda \u00f6\u011frenim s\u00fcrecini ve etkili y\u00f6ntemleri ke\u015ffedin!\\\"\",\"breadcrumb\":{\"@id\":\"https:\/\/sefedu.com.tr\/index.php\/2024\/12\/30\/b1-ingilizce-kac-ayda-ogrenilir\/#breadcrumb\"},\"inLanguage\":\"tr\",\"potentialAction\":[{\"@type\":\"ReadAction\",\"target\":[\"https:\/\/sefedu.com.tr\/index.php\/2024\/12\/30\/b1-ingilizce-kac-ayda-ogrenilir\/\"]}]},{\"@type\":\"ImageObject\",\"inLanguage\":\"tr\",\"@id\":\"https:\/\/sefedu.com.tr\/index.php\/2024\/12\/30\/b1-ingilizce-kac-ayda-ogrenilir\/#primaryimage\",\"url\":\"https:\/\/sefedu.com.tr\/wp-content\/uploads\/2024\/12\/gc1879cb1d6d7b0a858d96fac94af88f22a92de071eec971934747a010cbd13b1051a9ce97cb47b29514756ba4fdd5f89f1ef36f9046f1bad8c2d4502bf04af88_1280.jpg.jpg\",\"contentUrl\":\"https:\/\/sefedu.com.tr\/wp-content\/uploads\/2024\/12\/gc1879cb1d6d7b0a858d96fac94af88f22a92de071eec971934747a010cbd13b1051a9ce97cb47b29514756ba4fdd5f89f1ef36f9046f1bad8c2d4502bf04af88_1280.jpg.jpg\",\"width\":1280,\"height\":1280},{\"@type\":\"BreadcrumbList\",\"@id\":\"https:\/\/sefedu.com.tr\/index.php\/2024\/12\/30\/b1-ingilizce-kac-ayda-ogrenilir\/#breadcrumb\",\"itemListElement\":[{\"@type\":\"ListItem\",\"position\":1,\"name\":\"Anasayfa\",\"item\":\"https:\/\/sefedu.com.tr\/\"},{\"@type\":\"ListItem\",\"position\":2,\"name\":\"B1 \u0130ngilizce \u00d6\u011frenme S\u00fcresi 2024 [Detayl\u0131 Rehber]\"}]},{\"@type\":\"WebSite\",\"@id\":\"https:\/\/sefedu.com.tr\/#website\",\"url\":\"https:\/\/sefedu.com.tr\/\",\"name\":\"SEF Education\",\"description\":\"\u00c7ocu\u011funuzu gelece\u011fe haz\u0131rlay\u0131n!\",\"publisher\":{\"@id\":\"https:\/\/sefedu.com.tr\/#organization\"},\"potentialAction\":[{\"@type\":\"SearchAction\",\"target\":{\"@type\":\"EntryPoint\",\"urlTemplate\":\"https:\/\/sefedu.com.tr\/?s={search_term_string}\"},\"query-input\":{\"@type\":\"PropertyValueSpecification\",\"valueRequired\":true,\"valueName\":\"search_term_string\"}}],\"inLanguage\":\"tr\"},{\"@type\":\"Organization\",\"@id\":\"https:\/\/sefedu.com.tr\/#organization\",\"name\":\"SEF Education\",\"url\":\"https:\/\/sefedu.com.tr\/\",\"logo\":{\"@type\":\"ImageObject\",\"inLanguage\":\"tr\",\"@id\":\"https:\/\/sefedu.com.tr\/#\/schema\/logo\/image\/\",\"url\":\"https:\/\/sefedu.com.tr\/wp-content\/uploads\/2024\/09\/cropped-SEFAVM.png\",\"contentUrl\":\"https:\/\/sefedu.com.tr\/wp-content\/uploads\/2024\/09\/cropped-SEFAVM.png\",\"width\":512,\"height\":512,\"caption\":\"SEF Education\"},\"image\":{\"@id\":\"https:\/\/sefedu.com.tr\/#\/schema\/logo\/image\/\"},\"sameAs\":[\"https:\/\/www.facebook.com\/profile.php?id=61559411172122\",\"https:\/\/www.instagram.com\/sefeducation\/\"]},{\"@type\":\"Person\",\"@id\":\"https:\/\/sefedu.com.tr\/#\/schema\/person\/e657e3d380d760ae528d1780c450d2b0\",\"name\":\"Musab \u00c7elikba\u015f\",\"image\":{\"@type\":\"ImageObject\",\"inLanguage\":\"tr\",\"@id\":\"https:\/\/sefedu.com.tr\/#\/schema\/person\/image\/\",\"url\":\"https:\/\/secure.gravatar.com\/avatar\/a23dd9280c34bf92a6d366517a159d305f4673c0c70d838865622beb1fa485b5?s=96&d=mm&r=g\",\"contentUrl\":\"https:\/\/secure.gravatar.com\/avatar\/a23dd9280c34bf92a6d366517a159d305f4673c0c70d838865622beb1fa485b5?s=96&d=mm&r=g\",\"caption\":\"Musab \u00c7elikba\u015f\"},\"sameAs\":[\"https:\/\/sefedu.com.tr\"],\"url\":\"https:\/\/sefedu.com.tr\/index.php\/author\/musabc3161gmail-com\/\"}]}<\/script>\n<!-- \/ Yoast SEO plugin. -->","yoast_head_json":{"title":"B1 \u0130ngilizce \u00d6\u011frenme S\u00fcresi 2024 [Detayl\u0131 Rehber] - SEF Education","description":"\"B1 \u0130ngilizce \u00f6\u011frenmek i\u00e7in ne kadar s\u00fcre gerekir? Bu yaz\u0131m\u0131zda \u00f6\u011frenim s\u00fcrecini ve etkili y\u00f6ntemleri ke\u015ffedin!\"","robots":{"index":"index","follow":"follow","max-snippet":"max-snippet:-1","max-image-preview":"max-image-preview:large","max-video-preview":"max-video-preview:-1"},"canonical":"https:\/\/sefedu.com.tr\/index.php\/2024\/12\/30\/b1-ingilizce-kac-ayda-ogrenilir\/","og_locale":"tr_TR","og_type":"article","og_title":"B1 \u0130ngilizce \u00d6\u011frenme S\u00fcresi 2024 [Detayl\u0131 Rehber] - SEF Education","og_description":"\"B1 \u0130ngilizce \u00f6\u011frenmek i\u00e7in ne kadar s\u00fcre gerekir? Bu yaz\u0131m\u0131zda \u00f6\u011frenim s\u00fcrecini ve etkili y\u00f6ntemleri ke\u015ffedin!\"","og_url":"https:\/\/sefedu.com.tr\/index.php\/2024\/12\/30\/b1-ingilizce-kac-ayda-ogrenilir\/","og_site_name":"SEF Education","article_publisher":"https:\/\/www.facebook.com\/profile.php?id=61559411172122","article_published_time":"2024-12-30T10:06:58+00:00","og_image":[{"width":1280,"height":1280,"url":"https:\/\/sefedu.com.tr\/wp-content\/uploads\/2024\/12\/gc1879cb1d6d7b0a858d96fac94af88f22a92de071eec971934747a010cbd13b1051a9ce97cb47b29514756ba4fdd5f89f1ef36f9046f1bad8c2d4502bf04af88_1280.jpg.jpg","type":"image\/jpeg"}],"author":"Musab \u00c7elikba\u015f","twitter_card":"summary_large_image","twitter_misc":{"Yazan:":"Musab \u00c7elikba\u015f","Tahmini okuma s\u00fcresi":"6 dakika"},"schema":{"@context":"https:\/\/schema.org","@graph":[{"@type":"Article","@id":"https:\/\/sefedu.com.tr\/index.php\/2024\/12\/30\/b1-ingilizce-kac-ayda-ogrenilir\/#article","isPartOf":{"@id":"https:\/\/sefedu.com.tr\/index.php\/2024\/12\/30\/b1-ingilizce-kac-ayda-ogrenilir\/"},"author":{"name":"Musab \u00c7elikba\u015f","@id":"https:\/\/sefedu.com.tr\/#\/schema\/person\/e657e3d380d760ae528d1780c450d2b0"},"headline":"B1 \u0130ngilizce \u00d6\u011frenme S\u00fcresi 2024 [Detayl\u0131 Rehber]","datePublished":"2024-12-30T10:06:58+00:00","mainEntityOfPage":{"@id":"https:\/\/sefedu.com.tr\/index.php\/2024\/12\/30\/b1-ingilizce-kac-ayda-ogrenilir\/"},"wordCount":1144,"commentCount":0,"publisher":{"@id":"https:\/\/sefedu.com.tr\/#organization"},"image":{"@id":"https:\/\/sefedu.com.tr\/index.php\/2024\/12\/30\/b1-ingilizce-kac-ayda-ogrenilir\/#primaryimage"},"thumbnailUrl":"https:\/\/sefedu.com.tr\/wp-content\/uploads\/2024\/12\/gc1879cb1d6d7b0a858d96fac94af88f22a92de071eec971934747a010cbd13b1051a9ce97cb47b29514756ba4fdd5f89f1ef36f9046f1bad8c2d4502bf04af88_1280.jpg.jpg","inLanguage":"tr","potentialAction":[{"@type":"CommentAction","name":"Comment","target":["https:\/\/sefedu.com.tr\/index.php\/2024\/12\/30\/b1-ingilizce-kac-ayda-ogrenilir\/#respond"]}]},{"@type":"WebPage","@id":"https:\/\/sefedu.com.tr\/index.php\/2024\/12\/30\/b1-ingilizce-kac-ayda-ogrenilir\/","url":"https:\/\/sefedu.com.tr\/index.php\/2024\/12\/30\/b1-ingilizce-kac-ayda-ogrenilir\/","name":"B1 \u0130ngilizce \u00d6\u011frenme S\u00fcresi 2024 [Detayl\u0131 Rehber] - SEF Education","isPartOf":{"@id":"https:\/\/sefedu.com.tr\/#website"},"primaryImageOfPage":{"@id":"https:\/\/sefedu.com.tr\/index.php\/2024\/12\/30\/b1-ingilizce-kac-ayda-ogrenilir\/#primaryimage"},"image":{"@id":"https:\/\/sefedu.com.tr\/index.php\/2024\/12\/30\/b1-ingilizce-kac-ayda-ogrenilir\/#primaryimage"},"thumbnailUrl":"https:\/\/sefedu.com.tr\/wp-content\/uploads\/2024\/12\/gc1879cb1d6d7b0a858d96fac94af88f22a92de071eec971934747a010cbd13b1051a9ce97cb47b29514756ba4fdd5f89f1ef36f9046f1bad8c2d4502bf04af88_1280.jpg.jpg","datePublished":"2024-12-30T10:06:58+00:00","description":"\"B1 \u0130ngilizce \u00f6\u011frenmek i\u00e7in ne kadar s\u00fcre gerekir? Bu yaz\u0131m\u0131zda \u00f6\u011frenim s\u00fcrecini ve etkili y\u00f6ntemleri ke\u015ffedin!\"","breadcrumb":{"@id":"https:\/\/sefedu.com.tr\/index.php\/2024\/12\/30\/b1-ingilizce-kac-ayda-ogrenilir\/#breadcrumb"},"inLanguage":"tr","potentialAction":[{"@type":"ReadAction","target":["https:\/\/sefedu.com.tr\/index.php\/2024\/12\/30\/b1-ingilizce-kac-ayda-ogrenilir\/"]}]},{"@type":"ImageObject","inLanguage":"tr","@id":"https:\/\/sefedu.com.tr\/index.php\/2024\/12\/30\/b1-ingilizce-kac-ayda-ogrenilir\/#primaryimage","url":"https:\/\/sefedu.com.tr\/wp-content\/uploads\/2024\/12\/gc1879cb1d6d7b0a858d96fac94af88f22a92de071eec971934747a010cbd13b1051a9ce97cb47b29514756ba4fdd5f89f1ef36f9046f1bad8c2d4502bf04af88_1280.jpg.jpg","contentUrl":"https:\/\/sefedu.com.tr\/wp-content\/uploads\/2024\/12\/gc1879cb1d6d7b0a858d96fac94af88f22a92de071eec971934747a010cbd13b1051a9ce97cb47b29514756ba4fdd5f89f1ef36f9046f1bad8c2d4502bf04af88_1280.jpg.jpg","width":1280,"height":1280},{"@type":"BreadcrumbList","@id":"https:\/\/sefedu.com.tr\/index.php\/2024\/12\/30\/b1-ingilizce-kac-ayda-ogrenilir\/#breadcrumb","itemListElement":[{"@type":"ListItem","position":1,"name":"Anasayfa","item":"https:\/\/sefedu.com.tr\/"},{"@type":"ListItem","position":2,"name":"B1 \u0130ngilizce \u00d6\u011frenme S\u00fcresi 2024 [Detayl\u0131 Rehber]"}]},{"@type":"WebSite","@id":"https:\/\/sefedu.com.tr\/#website","url":"https:\/\/sefedu.com.tr\/","name":"SEF Education","description":"\u00c7ocu\u011funuzu gelece\u011fe haz\u0131rlay\u0131n!","publisher":{"@id":"https:\/\/sefedu.com.tr\/#organization"},"potentialAction":[{"@type":"SearchAction","target":{"@type":"EntryPoint","urlTemplate":"https:\/\/sefedu.com.tr\/?s={search_term_string}"},"query-input":{"@type":"PropertyValueSpecification","valueRequired":true,"valueName":"search_term_string"}}],"inLanguage":"tr"},{"@type":"Organization","@id":"https:\/\/sefedu.com.tr\/#organization","name":"SEF Education","url":"https:\/\/sefedu.com.tr\/","logo":{"@type":"ImageObject","inLanguage":"tr","@id":"https:\/\/sefedu.com.tr\/#\/schema\/logo\/image\/","url":"https:\/\/sefedu.com.tr\/wp-content\/uploads\/2024\/09\/cropped-SEFAVM.png","contentUrl":"https:\/\/sefedu.com.tr\/wp-content\/uploads\/2024\/09\/cropped-SEFAVM.png","width":512,"height":512,"caption":"SEF Education"},"image":{"@id":"https:\/\/sefedu.com.tr\/#\/schema\/logo\/image\/"},"sameAs":["https:\/\/www.facebook.com\/profile.php?id=61559411172122","https:\/\/www.instagram.com\/sefeducation\/"]},{"@type":"Person","@id":"https:\/\/sefedu.com.tr\/#\/schema\/person\/e657e3d380d760ae528d1780c450d2b0","name":"Musab \u00c7elikba\u015f","image":{"@type":"ImageObject","inLanguage":"tr","@id":"https:\/\/sefedu.com.tr\/#\/schema\/person\/image\/","url":"https:\/\/secure.gravatar.com\/avatar\/a23dd9280c34bf92a6d366517a159d305f4673c0c70d838865622beb1fa485b5?s=96&d=mm&r=g","contentUrl":"https:\/\/secure.gravatar.com\/avatar\/a23dd9280c34bf92a6d366517a159d305f4673c0c70d838865622beb1fa485b5?s=96&d=mm&r=g","caption":"Musab \u00c7elikba\u015f"},"sameAs":["https:\/\/sefedu.com.tr"],"url":"https:\/\/sefedu.com.tr\/index.php\/author\/musabc3161gmail-com\/"}]}},"yoast_meta":{"yoast_wpseo_title":"","yoast_wpseo_metadesc":"","yoast_wpseo_canonical":""},"amp_enabled":true,"_links":{"self":[{"href":"https:\/\/sefedu.com.tr\/index.php\/wp-json\/wp\/v2\/posts\/1827","targetHints":{"allow":["GET"]}}],"collection":[{"href":"https:\/\/sefedu.com.tr\/index.php\/wp-json\/wp\/v2\/posts"}],"about":[{"href":"https:\/\/sefedu.com.tr\/index.php\/wp-json\/wp\/v2\/types\/post"}],"author":[{"embeddable":true,"href":"https:\/\/sefedu.com.tr\/index.php\/wp-json\/wp\/v2\/users\/1"}],"replies":[{"embeddable":true,"href":"https:\/\/sefedu.com.tr\/index.php\/wp-json\/wp\/v2\/comments?post=1827"}],"version-history":[{"count":0,"href":"https:\/\/sefedu.com.tr\/index.php\/wp-json\/wp\/v2\/posts\/1827\/revisions"}],"wp:featuredmedia":[{"embeddable":true,"href":"https:\/\/sefedu.com.tr\/index.php\/wp-json\/wp\/v2\/media\/1824"}],"wp:attachment":[{"href":"https:\/\/sefedu.com.tr\/index.php\/wp-json\/wp\/v2\/media?parent=1827"}],"wp:term":[{"taxonomy":"category","embeddable":true,"href":"https:\/\/sefedu.com.tr\/index.php\/wp-json\/wp\/v2\/categories?post=1827"},{"taxonomy":"post_tag","embeddable":true,"href":"https:\/\/sefedu.com.tr\/index.php\/wp-json\/wp\/v2\/tags?post=1827"}],"curies":[{"name":"wp","href":"https:\/\/api.w.org\/{rel}","templated":true}]}}