{"id":2156,"date":"2025-01-30T21:06:52","date_gmt":"2025-01-30T18:06:52","guid":{"rendered":"https:\/\/sefedu.com.tr\/index.php\/2025\/01\/30\/elbette-iste-turkiye-yapay-zekada-kacinci-sirada-konusunu-ele-alan-bir-makale-icin-hazirlayabileceginiz-bir-baglanti-yapisilink-www-ornekwebsite-com-turkiye-yapay-zekada-kacinci-sirada\/"},"modified":"2025-01-30T21:06:52","modified_gmt":"2025-01-30T18:06:52","slug":"elbette-iste-turkiye-yapay-zekada-kacinci-sirada-konusunu-ele-alan-bir-makale-icin-hazirlayabileceginiz-bir-baglanti-yapisilink-www-ornekwebsite-com-turkiye-yapay-zekada-kacinci-sirada","status":"publish","type":"post","link":"https:\/\/sefedu.com.tr\/index.php\/2025\/01\/30\/elbette-iste-turkiye-yapay-zekada-kacinci-sirada-konusunu-ele-alan-bir-makale-icin-hazirlayabileceginiz-bir-baglanti-yapisilink-www-ornekwebsite-com-turkiye-yapay-zekada-kacinci-sirada\/","title":{"rendered":"T\u00fcrkiye Yapay Zeka S\u0131ralamas\u0131nda Nerede? Gelece\u011fe Y\u00f6n Veren Tahlil"},"content":{"rendered":"<h3>T\u00fcrkiye\u2019nin Yapay Zeka Alan\u0131ndaki Y\u00fckseli\u015fi: Stratejiler ve F\u0131rsatlar<\/p>\n<p>T\u00fcrkiye, yapay zeka (YZ) alan\u0131nda \u00f6nemli bir d\u00f6n\u00fc\u015f\u00fcm ge\u00e7irmekte ve bu s\u00fcre\u00e7te gen\u00e7 n\u00fcfusunu, teknolojik altyap\u0131s\u0131n\u0131 ve devlet politikalar\u0131n\u0131 avantaj olarak kullanmaktad\u0131r. D\u00fcnya genelinde YZ geli\u015ftirme yar\u0131\u015f\u0131nda daha \u00fcst s\u0131ralara \u00e7\u0131kma hedefiyle yap\u0131lan \u00e7al\u0131\u015fmalar, \u00fclkenin rekabet\u00e7i atmosferini g\u00fc\u00e7lendirmektedir.<\/p>\n<h4>T\u00fcrkiye\u2019nin YZ Stratejileri ve Vizyonu<\/p>\n<p>\u00dclkemiz, yapay zeka alan\u0131ndaki geli\u015fimini desteklemek ve h\u0131zland\u0131rmak amac\u0131yla stratejik planlar olu\u015fturmu\u015f durumda. T\u00fcrkiye\u2019nin 2021 y\u0131l\u0131nda yay\u0131mlanan Yapay Zeka Stratejisi, \u00fclkenin YZ alan\u0131ndaki vizyonunu ve hedeflerini net bir \u015fekilde ortaya koymaktad\u0131r. Bu strateji, inovasyon, ara\u015ft\u0131rma, kamu ve \u00f6zel sekt\u00f6r i\u015f birli\u011fi gibi konular\u0131 kapsarken, ayn\u0131 zamanda etik ve insan odakl\u0131 bir yakla\u015f\u0131m benimsedi\u011fini de vurgulamaktad\u0131r.<\/p>\n<p>Strateji belgesinde yer alan ba\u015fl\u0131ca hedefler aras\u0131nda, YZ alan\u0131nda yetkin insan kaynaklar\u0131 yeti\u015ftirmek, YZ\u2019ye dayal\u0131 uygulamalar\u0131n geli\u015ftirilmesini te\u015fvik etmek ve YZ teknolojilerinin toplumsal sorunlara \u00e7\u00f6z\u00fcm \u00fcretme potansiyelini art\u0131rmak yer almaktad\u0131r.<\/p>\n<h4>E\u011fitim: YZ Uzmanlar\u0131n\u0131n Yeti\u015ftirilmesi<\/p>\n<p>Yapay zeka, yeni nesil teknolojilerin geli\u015fmesinde kritik bir rol oynamaktad\u0131r ve bu alanda uzman yeti\u015ftirmek, T\u00fcrkiye i\u00e7in bir \u00f6ncelik haline gelmi\u015ftir. \u00dcniversiteler, \u00f6zel sekt\u00f6r ve devlet kurumlar\u0131, YZ konusunda e\u011fitim programlar\u0131 ve workshoplar d\u00fczenlemektedir. \u00d6zellikle STEM (Bilim, Teknoloji, M\u00fchendislik ve Matematik) alan\u0131nda verilen e\u011fitimlerin art\u0131r\u0131lmas\u0131, gelece\u011fin YZ uzmanlar\u0131n\u0131n yeti\u015fmesine ivme kazand\u0131rmaktad\u0131r.<\/p>\n<p>\u00c7evrimi\u00e7i kurslar ve sertifikasyon programlar\u0131, bireylere YZ becerilerini geli\u015ftirme f\u0131rsat\u0131 sunmakta ve bu sayede i\u015f g\u00fcc\u00fc pazar\u0131nda daha rekabet\u00e7i olmalar\u0131n\u0131 sa\u011flamaktad\u0131r. Bu durum, hem bireyler hem de i\u015fverenler i\u00e7in b\u00fcy\u00fck avantajlar do\u011furmaktad\u0131r.<\/p>\n<h4>YZ Uygulamalar\u0131 ve Sekt\u00f6rel Entegrasyon<\/p>\n<p>T\u00fcrkiye\u2019deki baz\u0131 sekt\u00f6rler, YZ teknolojilerini entegre ederek operasyonel verimliliklerini art\u0131rmay\u0131 hedeflemektedir. Sa\u011fl\u0131k sekt\u00f6r\u00fc, yapay zeka uygulamalar\u0131n\u0131n en h\u0131zl\u0131 benimsendi\u011fi alanlardan biridir. YZ tabanl\u0131 te\u015fhis sistemleri, hastal\u0131klar\u0131n erken te\u015fhisi ve tedavi s\u00fcre\u00e7lerinin iyile\u015ftirilmesi a\u00e7\u0131s\u0131ndan \u00f6nemli katk\u0131lar sa\u011flamaktad\u0131r.<\/p>\n<p>Sanayi alan\u0131nda ise otomasyon ve makine \u00f6\u011frenimi \u00e7\u00f6z\u00fcmleri, \u00fcretim s\u00fcre\u00e7lerinin daha verimli hale getirilmesine olanak tan\u0131maktad\u0131r. Ak\u0131ll\u0131 fabrikalar \u00fczerinden ger\u00e7ekle\u015ftirilen veri analizi ve makine \u00f6\u011frenimi, hata oranlar\u0131n\u0131 azaltarak maliyetleri d\u00fc\u015f\u00fcrmektedir. Bu t\u00fcr uygulamalar, T\u00fcrkiye\u2019nin sanayi 4.0 d\u00f6n\u00fc\u015f\u00fcm\u00fcn\u00fc de h\u0131zland\u0131rmaktad\u0131r.<\/p>\n<h4>Uluslararas\u0131 YZ \u0130\u015f Birlikleri ve Fonlama Olanaklar\u0131<\/p>\n<p>T\u00fcrkiye\u2019nin uluslararas\u0131 YZ projelerine kat\u0131l\u0131m\u0131, geli\u015fme yolunda \u00f6nemli bir ad\u0131m te\u015fkil etmektedir. Avrupa Birli\u011fi ve di\u011fer uluslararas\u0131 organizasyonlar\u0131n sa\u011flad\u0131\u011f\u0131 fonlama olanaklar\u0131, T\u00fcrkiye\u2019nin YZ alan\u0131ndaki ara\u015ft\u0131rma ve geli\u015ftirme faaliyetlerine katk\u0131 sunmaktad\u0131r. Bu t\u00fcr ortak projeler, bilgi ve deneyim payla\u015f\u0131m\u0131n\u0131 art\u0131r\u0131rken, T\u00fcrkiye\u2019nin k\u00fcresel test alanlar\u0131nda daha etkin bir rol oynamas\u0131na imkan tan\u0131maktad\u0131r.<\/p>\n<h4>Yapay Zeka ve Ekonomik Kalk\u0131nma<\/p>\n<p>Yapay zeka teknolojileri, T\u00fcrkiye\u2019nin ekonomik kalk\u0131nmas\u0131na \u00f6nemli katk\u0131larda bulunmaktad\u0131r. Giri\u015fimcilik ekosisteminin g\u00fc\u00e7lenmesi, start-up\u2019lar\u0131n say\u0131s\u0131n\u0131n artmas\u0131 ve yeni i\u015f alanlar\u0131n\u0131n yarat\u0131lmas\u0131, teknolojik inovasyonlar\u0131n bir sonucu olarak ortaya \u00e7\u0131kmaktad\u0131r. YZ ile \u015firketler, m\u00fc\u015fteri deneyimini geli\u015ftirerek ve daha ak\u0131ll\u0131 i\u015f kararlar\u0131 alarak pazar paylar\u0131n\u0131 art\u0131rmaktad\u0131r.<\/p>\n<p>Ayr\u0131ca, YZ projeleri geli\u015ftiren firmalar\u0131n kurulmas\u0131, y\u00fcksek nitelikli i\u015f g\u00fcc\u00fcn\u00fc \u00fclkemize \u00e7ekerek ekonomik b\u00fcy\u00fcmeyi destekleyebilir. Bu ba\u011flamda, devlet te\u015fvikleri ve vergi avantajlar\u0131 gibi destek mekanizmalar\u0131, YZ yat\u0131r\u0131mlar\u0131 i\u00e7in cazip bir ortam sa\u011flamaktad\u0131r.<\/p>\n<h4>Ekosistem ve \u0130novasyon Bulu\u015fmalar\u0131<\/p>\n<p>T\u00fcrkiye\u2019deki YZ ekosisteminin daha dinamik hale gelmesini sa\u011flamak i\u00e7in inovasyon bulu\u015fmalar\u0131 ve hackathonlar d\u00fczenlenmektedir. Bu etkinlikler, yenilik\u00e7i fikirlerin ortaya \u00e7\u0131kmas\u0131na ve giri\u015fimcilerin projelerini hayata ge\u00e7irmelerine olanak tan\u0131maktad\u0131r. \u00d6\u011frenciler, profesyoneller ve ara\u015ft\u0131rmac\u0131lar aras\u0131nda i\u015f birli\u011fini te\u015fvik eden bu t\u00fcr organizasyonlar, T\u00fcrkiye\u2019nin YZ sahnesini daha da g\u00fc\u00e7lendirmektedir.<\/p>\n<h4>T\u00fcrkiye\u2019nin YZ S\u0131ralamas\u0131 ve Gelecek Beklentileri<\/p>\n<p>G\u00fcn\u00fcm\u00fczde T\u00fcrkiye, d\u00fcnya genelinde yapay zeka alan\u0131nda 30. s\u0131rada yer almaktad\u0131r. Ancak bu s\u0131ralama, \u00fclkelerin yapay zeka geli\u015ftirme kapasiteleri ve uygulamalar\u0131 a\u00e7\u0131s\u0131ndan belirli bir de\u011ferlendirmeyi yans\u0131tmaktad\u0131r. T\u00fcrkiye\u2019nin YZ alan\u0131ndaki potansiyeli, geli\u015fim g\u00f6steren sekt\u00f6rler ve gen\u00e7 n\u00fcfus ile desteklenmektedir. Bu potansiyel, T\u00fcrkiye\u2019nin uluslararas\u0131 arena da daha \u00fcst s\u0131ralara t\u0131rmanma f\u0131rsat\u0131n\u0131 beraberinde getirmektedir.<\/p>\n<h4>Sonu\u00e7: Gelecek \u0130\u00e7in Stratejik Ad\u0131mlar<\/p>\n<p>T\u00fcrkiye\u2019nin yapay zeka alan\u0131ndaki 30. s\u0131ras\u0131, sahip oldu\u011fu potansiyeli ger\u00e7ekle\u015ftirme hedefiyle daha yukar\u0131lara t\u0131rmanma f\u0131rsat\u0131 sunmaktad\u0131r. E\u011fitimden, sekt\u00f6rel entegrasyona, uluslararas\u0131 i\u015f birliklerinden, inovasyona kadar geni\u015f bir y\u00fcr\u00fctme yelpazesine sahip olan T\u00fcrkiye\u2019nin YZ alan\u0131nda ataca\u011f\u0131 ad\u0131mlar, sadece teknolojik de\u011fil, ekonomik ve sosyal kalk\u0131nma a\u00e7\u0131s\u0131ndan da Cumhuriyet\u2019in 100. y\u0131l\u0131na yakla\u015f\u0131rken b\u00fcy\u00fck anlam ta\u015f\u0131maktad\u0131r. <\/p>\n<p>Gelecek y\u0131llarda, yap\u0131lacak yat\u0131r\u0131mlar ve stratejik planlamalar sonucunda T\u00fcrkiye\u2019nin yapay zeka alan\u0131ndaki yerine olan katk\u0131lar artacak ve \u00fclkemiz, YZ evreninde daha rekabet\u00e7i hale gelecektir. Yapay zeka, T\u00fcrkiye i\u00e7in sadece bir teknoloji de\u011fil, ayn\u0131 zamanda ulusal kalk\u0131nma ve toplumsal d\u00f6n\u00fc\u015f\u00fcm i\u00e7in b\u00fcy\u00fck bir f\u0131rsatt\u0131r. Bu f\u0131rsat\u0131 de\u011ferlendirmek, \u00fclkenin gelece\u011fi i\u00e7in kritik bir \u00f6neme sahiptir.<\/p>\n<h4>Anahtar Kelimeler ve SEO Stratejileri<\/p>\n<p>Bu makalenin daha geni\u015f bir kitleye ula\u015fabilmesi i\u00e7in SEO stratejileri uygulanmal\u0131d\u0131r. Anahtar kelimeler olarak &#8220;T\u00fcrkiye yapay zeka&#8221;, &#8220;YZ stratejileri&#8221;, &#8220;yapay zeka uzmanlar\u0131&#8221;, &#8220;YZ uygulamalar\u0131&#8221; ve &#8220;T\u00fcrkiye&#8217;nin YZ s\u0131ralamas\u0131&#8221; gibi terimler kullan\u0131labilir. Ayr\u0131ca, i\u00e7erik i\u00e7inde i\u00e7 ba\u011flant\u0131lar olu\u015fturarak, okuyucular\u0131n makale i\u00e7inde daha fazla bilgiye kolay eri\u015fimini sa\u011flamak \u00f6nemlidir. <\/p>\n<p>K\u0131sacas\u0131, T\u00fcrkiye\u2019nin yapay zeka alan\u0131ndaki konumunu ve potansiyelini ortaya koymak, hem ara\u015ft\u0131rmac\u0131lar hem de giri\u015fimciler i\u00e7in f\u0131rsatlar sunarken, \u00fclkenin global \u00f6l\u00e7ekte daha g\u00fc\u00e7l\u00fc bir oyuncu olmas\u0131na katk\u0131 sa\u011flayacakt\u0131r.<\/p>\n","protected":false},"excerpt":{"rendered":"<p>&#8220;T\u00fcrkiye&#8217;nin yapay zeka alan\u0131ndaki global s\u0131ralamas\u0131n\u0131 ke\u015ffedin! T\u00fcrkiye, yapay zeka teknolojilerindeki geli\u015fimi ve yenilik\u00e7i projeleri ile d\u00fcnya genelinde nerede konumlan\u0131yor? Detaylar i\u00e7in hemen t\u0131klay\u0131n!&#8221;<\/p>\n","protected":false},"author":1,"featured_media":0,"comment_status":"open","ping_status":"open","sticky":false,"template":"","format":"standard","meta":{"footnotes":""},"categories":[],"tags":[],"class_list":["post-2156","post","type-post","status-publish","format-standard","hentry"],"yoast_head":"<!-- This site is optimized with the Yoast SEO plugin v25.0 - https:\/\/yoast.com\/wordpress\/plugins\/seo\/ -->\n<title>T\u00fcrkiye Yapay Zeka S\u0131ralamas\u0131nda Nerede? Gelece\u011fe Y\u00f6n Veren Tahlil - SEF Education<\/title>\n<meta name=\"description\" content=\"&quot;T\u00fcrkiye&#039;nin yapay zeka alan\u0131ndaki global s\u0131ralamas\u0131n\u0131 ke\u015ffedin! T\u00fcrkiye, yapay zeka teknolojilerindeki geli\u015fimi ve yenilik\u00e7i projeleri ile d\u00fcnya genelinde nerede konumlan\u0131yor? Detaylar i\u00e7in hemen t\u0131klay\u0131n!&quot;\" \/>\n<meta name=\"robots\" content=\"index, follow, max-snippet:-1, max-image-preview:large, max-video-preview:-1\" \/>\n<link rel=\"canonical\" href=\"https:\/\/sefedu.com.tr\/index.php\/2025\/01\/30\/elbette-iste-turkiye-yapay-zekada-kacinci-sirada-konusunu-ele-alan-bir-makale-icin-hazirlayabileceginiz-bir-baglanti-yapisilink-www-ornekwebsite-com-turkiye-yapay-zekada-kacinci-sirada\/\" \/>\n<meta property=\"og:locale\" content=\"tr_TR\" \/>\n<meta property=\"og:type\" content=\"article\" \/>\n<meta property=\"og:title\" content=\"T\u00fcrkiye Yapay Zeka S\u0131ralamas\u0131nda Nerede? Gelece\u011fe Y\u00f6n Veren Tahlil - SEF Education\" \/>\n<meta property=\"og:description\" content=\"&quot;T\u00fcrkiye&#039;nin yapay zeka alan\u0131ndaki global s\u0131ralamas\u0131n\u0131 ke\u015ffedin! T\u00fcrkiye, yapay zeka teknolojilerindeki geli\u015fimi ve yenilik\u00e7i projeleri ile d\u00fcnya genelinde nerede konumlan\u0131yor? Detaylar i\u00e7in hemen t\u0131klay\u0131n!&quot;\" \/>\n<meta property=\"og:url\" content=\"https:\/\/sefedu.com.tr\/index.php\/2025\/01\/30\/elbette-iste-turkiye-yapay-zekada-kacinci-sirada-konusunu-ele-alan-bir-makale-icin-hazirlayabileceginiz-bir-baglanti-yapisilink-www-ornekwebsite-com-turkiye-yapay-zekada-kacinci-sirada\/\" \/>\n<meta property=\"og:site_name\" content=\"SEF Education\" \/>\n<meta property=\"article:publisher\" content=\"https:\/\/www.facebook.com\/profile.php?id=61559411172122\" \/>\n<meta property=\"article:published_time\" content=\"2025-01-30T18:06:52+00:00\" \/>\n<meta name=\"author\" content=\"Musab \u00c7elikba\u015f\" \/>\n<meta name=\"twitter:card\" content=\"summary_large_image\" \/>\n<meta name=\"twitter:label1\" content=\"Yazan:\" \/>\n\t<meta name=\"twitter:data1\" content=\"Musab \u00c7elikba\u015f\" \/>\n\t<meta name=\"twitter:label2\" content=\"Tahmini okuma s\u00fcresi\" \/>\n\t<meta name=\"twitter:data2\" content=\"5 dakika\" \/>\n<script type=\"application\/ld+json\" class=\"yoast-schema-graph\">{\"@context\":\"https:\/\/schema.org\",\"@graph\":[{\"@type\":\"Article\",\"@id\":\"https:\/\/sefedu.com.tr\/index.php\/2025\/01\/30\/elbette-iste-turkiye-yapay-zekada-kacinci-sirada-konusunu-ele-alan-bir-makale-icin-hazirlayabileceginiz-bir-baglanti-yapisilink-www-ornekwebsite-com-turkiye-yapay-zekada-kacinci-sirada\/#article\",\"isPartOf\":{\"@id\":\"https:\/\/sefedu.com.tr\/index.php\/2025\/01\/30\/elbette-iste-turkiye-yapay-zekada-kacinci-sirada-konusunu-ele-alan-bir-makale-icin-hazirlayabileceginiz-bir-baglanti-yapisilink-www-ornekwebsite-com-turkiye-yapay-zekada-kacinci-sirada\/\"},\"author\":{\"name\":\"Musab \u00c7elikba\u015f\",\"@id\":\"https:\/\/sefedu.com.tr\/#\/schema\/person\/e657e3d380d760ae528d1780c450d2b0\"},\"headline\":\"T\u00fcrkiye Yapay Zeka S\u0131ralamas\u0131nda Nerede? Gelece\u011fe Y\u00f6n Veren Tahlil\",\"datePublished\":\"2025-01-30T18:06:52+00:00\",\"mainEntityOfPage\":{\"@id\":\"https:\/\/sefedu.com.tr\/index.php\/2025\/01\/30\/elbette-iste-turkiye-yapay-zekada-kacinci-sirada-konusunu-ele-alan-bir-makale-icin-hazirlayabileceginiz-bir-baglanti-yapisilink-www-ornekwebsite-com-turkiye-yapay-zekada-kacinci-sirada\/\"},\"wordCount\":1099,\"commentCount\":0,\"publisher\":{\"@id\":\"https:\/\/sefedu.com.tr\/#organization\"},\"inLanguage\":\"tr\",\"potentialAction\":[{\"@type\":\"CommentAction\",\"name\":\"Comment\",\"target\":[\"https:\/\/sefedu.com.tr\/index.php\/2025\/01\/30\/elbette-iste-turkiye-yapay-zekada-kacinci-sirada-konusunu-ele-alan-bir-makale-icin-hazirlayabileceginiz-bir-baglanti-yapisilink-www-ornekwebsite-com-turkiye-yapay-zekada-kacinci-sirada\/#respond\"]}]},{\"@type\":\"WebPage\",\"@id\":\"https:\/\/sefedu.com.tr\/index.php\/2025\/01\/30\/elbette-iste-turkiye-yapay-zekada-kacinci-sirada-konusunu-ele-alan-bir-makale-icin-hazirlayabileceginiz-bir-baglanti-yapisilink-www-ornekwebsite-com-turkiye-yapay-zekada-kacinci-sirada\/\",\"url\":\"https:\/\/sefedu.com.tr\/index.php\/2025\/01\/30\/elbette-iste-turkiye-yapay-zekada-kacinci-sirada-konusunu-ele-alan-bir-makale-icin-hazirlayabileceginiz-bir-baglanti-yapisilink-www-ornekwebsite-com-turkiye-yapay-zekada-kacinci-sirada\/\",\"name\":\"T\u00fcrkiye Yapay Zeka S\u0131ralamas\u0131nda Nerede? Gelece\u011fe Y\u00f6n Veren Tahlil - SEF Education\",\"isPartOf\":{\"@id\":\"https:\/\/sefedu.com.tr\/#website\"},\"datePublished\":\"2025-01-30T18:06:52+00:00\",\"description\":\"\\\"T\u00fcrkiye'nin yapay zeka alan\u0131ndaki global s\u0131ralamas\u0131n\u0131 ke\u015ffedin! T\u00fcrkiye, yapay zeka teknolojilerindeki geli\u015fimi ve yenilik\u00e7i projeleri ile d\u00fcnya genelinde nerede konumlan\u0131yor? Detaylar i\u00e7in hemen t\u0131klay\u0131n!\\\"\",\"breadcrumb\":{\"@id\":\"https:\/\/sefedu.com.tr\/index.php\/2025\/01\/30\/elbette-iste-turkiye-yapay-zekada-kacinci-sirada-konusunu-ele-alan-bir-makale-icin-hazirlayabileceginiz-bir-baglanti-yapisilink-www-ornekwebsite-com-turkiye-yapay-zekada-kacinci-sirada\/#breadcrumb\"},\"inLanguage\":\"tr\",\"potentialAction\":[{\"@type\":\"ReadAction\",\"target\":[\"https:\/\/sefedu.com.tr\/index.php\/2025\/01\/30\/elbette-iste-turkiye-yapay-zekada-kacinci-sirada-konusunu-ele-alan-bir-makale-icin-hazirlayabileceginiz-bir-baglanti-yapisilink-www-ornekwebsite-com-turkiye-yapay-zekada-kacinci-sirada\/\"]}]},{\"@type\":\"BreadcrumbList\",\"@id\":\"https:\/\/sefedu.com.tr\/index.php\/2025\/01\/30\/elbette-iste-turkiye-yapay-zekada-kacinci-sirada-konusunu-ele-alan-bir-makale-icin-hazirlayabileceginiz-bir-baglanti-yapisilink-www-ornekwebsite-com-turkiye-yapay-zekada-kacinci-sirada\/#breadcrumb\",\"itemListElement\":[{\"@type\":\"ListItem\",\"position\":1,\"name\":\"Anasayfa\",\"item\":\"https:\/\/sefedu.com.tr\/\"},{\"@type\":\"ListItem\",\"position\":2,\"name\":\"T\u00fcrkiye Yapay Zeka S\u0131ralamas\u0131nda Nerede? Gelece\u011fe Y\u00f6n Veren Tahlil\"}]},{\"@type\":\"WebSite\",\"@id\":\"https:\/\/sefedu.com.tr\/#website\",\"url\":\"https:\/\/sefedu.com.tr\/\",\"name\":\"SEF Education\",\"description\":\"\u00c7ocu\u011funuzu gelece\u011fe haz\u0131rlay\u0131n!\",\"publisher\":{\"@id\":\"https:\/\/sefedu.com.tr\/#organization\"},\"potentialAction\":[{\"@type\":\"SearchAction\",\"target\":{\"@type\":\"EntryPoint\",\"urlTemplate\":\"https:\/\/sefedu.com.tr\/?s={search_term_string}\"},\"query-input\":{\"@type\":\"PropertyValueSpecification\",\"valueRequired\":true,\"valueName\":\"search_term_string\"}}],\"inLanguage\":\"tr\"},{\"@type\":\"Organization\",\"@id\":\"https:\/\/sefedu.com.tr\/#organization\",\"name\":\"SEF Education\",\"url\":\"https:\/\/sefedu.com.tr\/\",\"logo\":{\"@type\":\"ImageObject\",\"inLanguage\":\"tr\",\"@id\":\"https:\/\/sefedu.com.tr\/#\/schema\/logo\/image\/\",\"url\":\"https:\/\/sefedu.com.tr\/wp-content\/uploads\/2024\/09\/cropped-SEFAVM.png\",\"contentUrl\":\"https:\/\/sefedu.com.tr\/wp-content\/uploads\/2024\/09\/cropped-SEFAVM.png\",\"width\":512,\"height\":512,\"caption\":\"SEF Education\"},\"image\":{\"@id\":\"https:\/\/sefedu.com.tr\/#\/schema\/logo\/image\/\"},\"sameAs\":[\"https:\/\/www.facebook.com\/profile.php?id=61559411172122\",\"https:\/\/www.instagram.com\/sefeducation\/\"]},{\"@type\":\"Person\",\"@id\":\"https:\/\/sefedu.com.tr\/#\/schema\/person\/e657e3d380d760ae528d1780c450d2b0\",\"name\":\"Musab \u00c7elikba\u015f\",\"image\":{\"@type\":\"ImageObject\",\"inLanguage\":\"tr\",\"@id\":\"https:\/\/sefedu.com.tr\/#\/schema\/person\/image\/\",\"url\":\"https:\/\/secure.gravatar.com\/avatar\/a23dd9280c34bf92a6d366517a159d305f4673c0c70d838865622beb1fa485b5?s=96&d=mm&r=g\",\"contentUrl\":\"https:\/\/secure.gravatar.com\/avatar\/a23dd9280c34bf92a6d366517a159d305f4673c0c70d838865622beb1fa485b5?s=96&d=mm&r=g\",\"caption\":\"Musab \u00c7elikba\u015f\"},\"sameAs\":[\"https:\/\/sefedu.com.tr\"],\"url\":\"https:\/\/sefedu.com.tr\/index.php\/author\/musabc3161gmail-com\/\"}]}<\/script>\n<!-- \/ Yoast SEO plugin. -->","yoast_head_json":{"title":"T\u00fcrkiye Yapay Zeka S\u0131ralamas\u0131nda Nerede? Gelece\u011fe Y\u00f6n Veren Tahlil - SEF Education","description":"\"T\u00fcrkiye'nin yapay zeka alan\u0131ndaki global s\u0131ralamas\u0131n\u0131 ke\u015ffedin! T\u00fcrkiye, yapay zeka teknolojilerindeki geli\u015fimi ve yenilik\u00e7i projeleri ile d\u00fcnya genelinde nerede konumlan\u0131yor? Detaylar i\u00e7in hemen t\u0131klay\u0131n!\"","robots":{"index":"index","follow":"follow","max-snippet":"max-snippet:-1","max-image-preview":"max-image-preview:large","max-video-preview":"max-video-preview:-1"},"canonical":"https:\/\/sefedu.com.tr\/index.php\/2025\/01\/30\/elbette-iste-turkiye-yapay-zekada-kacinci-sirada-konusunu-ele-alan-bir-makale-icin-hazirlayabileceginiz-bir-baglanti-yapisilink-www-ornekwebsite-com-turkiye-yapay-zekada-kacinci-sirada\/","og_locale":"tr_TR","og_type":"article","og_title":"T\u00fcrkiye Yapay Zeka S\u0131ralamas\u0131nda Nerede? Gelece\u011fe Y\u00f6n Veren Tahlil - SEF Education","og_description":"\"T\u00fcrkiye'nin yapay zeka alan\u0131ndaki global s\u0131ralamas\u0131n\u0131 ke\u015ffedin! T\u00fcrkiye, yapay zeka teknolojilerindeki geli\u015fimi ve yenilik\u00e7i projeleri ile d\u00fcnya genelinde nerede konumlan\u0131yor? Detaylar i\u00e7in hemen t\u0131klay\u0131n!\"","og_url":"https:\/\/sefedu.com.tr\/index.php\/2025\/01\/30\/elbette-iste-turkiye-yapay-zekada-kacinci-sirada-konusunu-ele-alan-bir-makale-icin-hazirlayabileceginiz-bir-baglanti-yapisilink-www-ornekwebsite-com-turkiye-yapay-zekada-kacinci-sirada\/","og_site_name":"SEF Education","article_publisher":"https:\/\/www.facebook.com\/profile.php?id=61559411172122","article_published_time":"2025-01-30T18:06:52+00:00","author":"Musab \u00c7elikba\u015f","twitter_card":"summary_large_image","twitter_misc":{"Yazan:":"Musab \u00c7elikba\u015f","Tahmini okuma s\u00fcresi":"5 dakika"},"schema":{"@context":"https:\/\/schema.org","@graph":[{"@type":"Article","@id":"https:\/\/sefedu.com.tr\/index.php\/2025\/01\/30\/elbette-iste-turkiye-yapay-zekada-kacinci-sirada-konusunu-ele-alan-bir-makale-icin-hazirlayabileceginiz-bir-baglanti-yapisilink-www-ornekwebsite-com-turkiye-yapay-zekada-kacinci-sirada\/#article","isPartOf":{"@id":"https:\/\/sefedu.com.tr\/index.php\/2025\/01\/30\/elbette-iste-turkiye-yapay-zekada-kacinci-sirada-konusunu-ele-alan-bir-makale-icin-hazirlayabileceginiz-bir-baglanti-yapisilink-www-ornekwebsite-com-turkiye-yapay-zekada-kacinci-sirada\/"},"author":{"name":"Musab \u00c7elikba\u015f","@id":"https:\/\/sefedu.com.tr\/#\/schema\/person\/e657e3d380d760ae528d1780c450d2b0"},"headline":"T\u00fcrkiye Yapay Zeka S\u0131ralamas\u0131nda Nerede? Gelece\u011fe Y\u00f6n Veren Tahlil","datePublished":"2025-01-30T18:06:52+00:00","mainEntityOfPage":{"@id":"https:\/\/sefedu.com.tr\/index.php\/2025\/01\/30\/elbette-iste-turkiye-yapay-zekada-kacinci-sirada-konusunu-ele-alan-bir-makale-icin-hazirlayabileceginiz-bir-baglanti-yapisilink-www-ornekwebsite-com-turkiye-yapay-zekada-kacinci-sirada\/"},"wordCount":1099,"commentCount":0,"publisher":{"@id":"https:\/\/sefedu.com.tr\/#organization"},"inLanguage":"tr","potentialAction":[{"@type":"CommentAction","name":"Comment","target":["https:\/\/sefedu.com.tr\/index.php\/2025\/01\/30\/elbette-iste-turkiye-yapay-zekada-kacinci-sirada-konusunu-ele-alan-bir-makale-icin-hazirlayabileceginiz-bir-baglanti-yapisilink-www-ornekwebsite-com-turkiye-yapay-zekada-kacinci-sirada\/#respond"]}]},{"@type":"WebPage","@id":"https:\/\/sefedu.com.tr\/index.php\/2025\/01\/30\/elbette-iste-turkiye-yapay-zekada-kacinci-sirada-konusunu-ele-alan-bir-makale-icin-hazirlayabileceginiz-bir-baglanti-yapisilink-www-ornekwebsite-com-turkiye-yapay-zekada-kacinci-sirada\/","url":"https:\/\/sefedu.com.tr\/index.php\/2025\/01\/30\/elbette-iste-turkiye-yapay-zekada-kacinci-sirada-konusunu-ele-alan-bir-makale-icin-hazirlayabileceginiz-bir-baglanti-yapisilink-www-ornekwebsite-com-turkiye-yapay-zekada-kacinci-sirada\/","name":"T\u00fcrkiye Yapay Zeka S\u0131ralamas\u0131nda Nerede? Gelece\u011fe Y\u00f6n Veren Tahlil - SEF Education","isPartOf":{"@id":"https:\/\/sefedu.com.tr\/#website"},"datePublished":"2025-01-30T18:06:52+00:00","description":"\"T\u00fcrkiye'nin yapay zeka alan\u0131ndaki global s\u0131ralamas\u0131n\u0131 ke\u015ffedin! T\u00fcrkiye, yapay zeka teknolojilerindeki geli\u015fimi ve yenilik\u00e7i projeleri ile d\u00fcnya genelinde nerede konumlan\u0131yor? Detaylar i\u00e7in hemen t\u0131klay\u0131n!\"","breadcrumb":{"@id":"https:\/\/sefedu.com.tr\/index.php\/2025\/01\/30\/elbette-iste-turkiye-yapay-zekada-kacinci-sirada-konusunu-ele-alan-bir-makale-icin-hazirlayabileceginiz-bir-baglanti-yapisilink-www-ornekwebsite-com-turkiye-yapay-zekada-kacinci-sirada\/#breadcrumb"},"inLanguage":"tr","potentialAction":[{"@type":"ReadAction","target":["https:\/\/sefedu.com.tr\/index.php\/2025\/01\/30\/elbette-iste-turkiye-yapay-zekada-kacinci-sirada-konusunu-ele-alan-bir-makale-icin-hazirlayabileceginiz-bir-baglanti-yapisilink-www-ornekwebsite-com-turkiye-yapay-zekada-kacinci-sirada\/"]}]},{"@type":"BreadcrumbList","@id":"https:\/\/sefedu.com.tr\/index.php\/2025\/01\/30\/elbette-iste-turkiye-yapay-zekada-kacinci-sirada-konusunu-ele-alan-bir-makale-icin-hazirlayabileceginiz-bir-baglanti-yapisilink-www-ornekwebsite-com-turkiye-yapay-zekada-kacinci-sirada\/#breadcrumb","itemListElement":[{"@type":"ListItem","position":1,"name":"Anasayfa","item":"https:\/\/sefedu.com.tr\/"},{"@type":"ListItem","position":2,"name":"T\u00fcrkiye Yapay Zeka S\u0131ralamas\u0131nda Nerede? Gelece\u011fe Y\u00f6n Veren Tahlil"}]},{"@type":"WebSite","@id":"https:\/\/sefedu.com.tr\/#website","url":"https:\/\/sefedu.com.tr\/","name":"SEF Education","description":"\u00c7ocu\u011funuzu gelece\u011fe haz\u0131rlay\u0131n!","publisher":{"@id":"https:\/\/sefedu.com.tr\/#organization"},"potentialAction":[{"@type":"SearchAction","target":{"@type":"EntryPoint","urlTemplate":"https:\/\/sefedu.com.tr\/?s={search_term_string}"},"query-input":{"@type":"PropertyValueSpecification","valueRequired":true,"valueName":"search_term_string"}}],"inLanguage":"tr"},{"@type":"Organization","@id":"https:\/\/sefedu.com.tr\/#organization","name":"SEF Education","url":"https:\/\/sefedu.com.tr\/","logo":{"@type":"ImageObject","inLanguage":"tr","@id":"https:\/\/sefedu.com.tr\/#\/schema\/logo\/image\/","url":"https:\/\/sefedu.com.tr\/wp-content\/uploads\/2024\/09\/cropped-SEFAVM.png","contentUrl":"https:\/\/sefedu.com.tr\/wp-content\/uploads\/2024\/09\/cropped-SEFAVM.png","width":512,"height":512,"caption":"SEF Education"},"image":{"@id":"https:\/\/sefedu.com.tr\/#\/schema\/logo\/image\/"},"sameAs":["https:\/\/www.facebook.com\/profile.php?id=61559411172122","https:\/\/www.instagram.com\/sefeducation\/"]},{"@type":"Person","@id":"https:\/\/sefedu.com.tr\/#\/schema\/person\/e657e3d380d760ae528d1780c450d2b0","name":"Musab \u00c7elikba\u015f","image":{"@type":"ImageObject","inLanguage":"tr","@id":"https:\/\/sefedu.com.tr\/#\/schema\/person\/image\/","url":"https:\/\/secure.gravatar.com\/avatar\/a23dd9280c34bf92a6d366517a159d305f4673c0c70d838865622beb1fa485b5?s=96&d=mm&r=g","contentUrl":"https:\/\/secure.gravatar.com\/avatar\/a23dd9280c34bf92a6d366517a159d305f4673c0c70d838865622beb1fa485b5?s=96&d=mm&r=g","caption":"Musab \u00c7elikba\u015f"},"sameAs":["https:\/\/sefedu.com.tr"],"url":"https:\/\/sefedu.com.tr\/index.php\/author\/musabc3161gmail-com\/"}]}},"yoast_meta":{"yoast_wpseo_title":"","yoast_wpseo_metadesc":"","yoast_wpseo_canonical":""},"amp_enabled":true,"_links":{"self":[{"href":"https:\/\/sefedu.com.tr\/index.php\/wp-json\/wp\/v2\/posts\/2156","targetHints":{"allow":["GET"]}}],"collection":[{"href":"https:\/\/sefedu.com.tr\/index.php\/wp-json\/wp\/v2\/posts"}],"about":[{"href":"https:\/\/sefedu.com.tr\/index.php\/wp-json\/wp\/v2\/types\/post"}],"author":[{"embeddable":true,"href":"https:\/\/sefedu.com.tr\/index.php\/wp-json\/wp\/v2\/users\/1"}],"replies":[{"embeddable":true,"href":"https:\/\/sefedu.com.tr\/index.php\/wp-json\/wp\/v2\/comments?post=2156"}],"version-history":[{"count":0,"href":"https:\/\/sefedu.com.tr\/index.php\/wp-json\/wp\/v2\/posts\/2156\/revisions"}],"wp:attachment":[{"href":"https:\/\/sefedu.com.tr\/index.php\/wp-json\/wp\/v2\/media?parent=2156"}],"wp:term":[{"taxonomy":"category","embeddable":true,"href":"https:\/\/sefedu.com.tr\/index.php\/wp-json\/wp\/v2\/categories?post=2156"},{"taxonomy":"post_tag","embeddable":true,"href":"https:\/\/sefedu.com.tr\/index.php\/wp-json\/wp\/v2\/tags?post=2156"}],"curies":[{"name":"wp","href":"https:\/\/api.w.org\/{rel}","templated":true}]}}