{"id":2187,"date":"2025-02-08T00:29:24","date_gmt":"2025-02-07T21:29:24","guid":{"rendered":"https:\/\/sefedu.com.tr\/index.php\/2025\/02\/08\/elbette-turkiye-yapay-zekada-kacinci-sirada-konusunu-ele-alan-bir-icerik-icin-asagidaki-gibi-bir-link-basligi-onerisi-olusturabilirsinizlink-basligi-turkiyenin-yapay-zeka-alaninda\/"},"modified":"2025-02-08T00:29:24","modified_gmt":"2025-02-07T21:29:24","slug":"elbette-turkiye-yapay-zekada-kacinci-sirada-konusunu-ele-alan-bir-icerik-icin-asagidaki-gibi-bir-link-basligi-onerisi-olusturabilirsinizlink-basligi-turkiyenin-yapay-zeka-alaninda","status":"publish","type":"post","link":"https:\/\/sefedu.com.tr\/index.php\/2025\/02\/08\/elbette-turkiye-yapay-zekada-kacinci-sirada-konusunu-ele-alan-bir-icerik-icin-asagidaki-gibi-bir-link-basligi-onerisi-olusturabilirsinizlink-basligi-turkiyenin-yapay-zeka-alaninda\/","title":{"rendered":"T\u00fcrkiye&#8217;nin Yapay Zeka S\u0131ralamas\u0131ndaki Yeri: 2023 \u0130statistikleri"},"content":{"rendered":"<h3>T\u00fcrkiye Yapay Zeka Alan\u0131nda Ka\u00e7\u0131nc\u0131 S\u0131rada? &#8211; Geli\u015fmeler ve Perspektifler<\/p>\n<p>Yapay zeka (YZ) kullan\u0131m\u0131, \u00fclkelerin teknolojik ve ekonomik b\u00fcy\u00fcme stratejilerinin merkezine yerle\u015fmi\u015f durumdad\u0131r. Bu ba\u011flamda, T\u00fcrkiye\u2019nin yapay zeka alan\u0131ndaki yeri, hem i\u00e7 dinamikler hem de k\u00fcresel \u00f6l\u00e7ekteki g\u00fc\u00e7 dengeleri a\u00e7\u0131s\u0131ndan kritik bir \u00f6neme sahiptir. Peki T\u00fcrkiye, bu alandaki geli\u015fmelerini nas\u0131l s\u00fcrd\u00fcr\u00fcyor ve gelecekte nereye do\u011fru ilerliyor?<\/p>\n<h4>T\u00fcrkiye&#8217;nin Yapay Zeka Stratejileri<\/p>\n<p>Yapay zeka alan\u0131ndaki potansiyelini art\u0131rmak isteyen T\u00fcrkiye, son y\u0131llarda bir dizi strateji geli\u015ftirmi\u015ftir. 2019 y\u0131l\u0131nda yay\u0131mlanan &#8220;Ulusal Yapay Zeka Stratejisi ve Eylem Plan\u0131&#8221;, yapay zeka ekosistemini g\u00fc\u00e7lendirmeyi hedefleyen \u00f6nemli bir ad\u0131m olmu\u015ftur. Bu plan \u00e7er\u00e7evesinde, veri y\u00f6netimi, insan kayna\u011f\u0131 geli\u015ftirme, ara\u015ft\u0131rma ve inovasyon gibi kritik alanlarda \u00e7e\u015fitli projeler hayata ge\u00e7irilmeye ba\u015flanm\u0131\u015ft\u0131r.<\/p>\n<p>Odaklanan bu stratejilerle birlikte, T\u00fcrkiye&#8217;nin yapay zeka teknolojilerini hangi alanlarda kullanaca\u011f\u0131 ve bunlar\u0131n toplumsal hayata ne \u015fekilde entegre edilece\u011fi gibi sorulara yan\u0131tlar aranmaktad\u0131r. Ak\u0131ll\u0131 \u015fehir teknolojileri, sa\u011fl\u0131k hizmetleri, tar\u0131m, g\u00fcvenlik ve sanayi otomasyonu gibi bir\u00e7ok sekt\u00f6rde yapay zeka \u00e7\u00f6z\u00fcmleri \u00f6zendirilmektedir.<\/p>\n<h4>\u00d6ne \u00c7\u0131kan Yapay Zeka Projeleri<\/p>\n<p>T\u00fcrkiye\u2019deki \u00fcniversiteler ve ara\u015ft\u0131rma merkezleri, yapay zeka uygulamalar\u0131n\u0131n geli\u015ftirilmesi konusunda \u00f6nemli projelere imza atmaktad\u0131r. \u00d6rne\u011fin, T\u00fcrk bilim insanlar\u0131, sa\u011fl\u0131k alan\u0131nda yapay zeka sistemleri kullanarak hastal\u0131k te\u015fhisinde ve tedavi s\u00fcre\u00e7lerinde yenilik\u00e7i y\u00f6ntemler geli\u015ftirmektedir. Bu projeler, yapay zeka alan\u0131ndaki uzmanl\u0131k ve bilgi birikimini art\u0131rmakta; ayn\u0131 zamanda uluslararas\u0131 i\u015fbirlikleri ile daha ileri d\u00fczeyde uygulamalara zemin haz\u0131rlamaktad\u0131r.<\/p>\n<p>Ayr\u0131ca, T\u00fcrkiye&#8217;de bir\u00e7ok start-up, yapay zeka temelli \u00e7\u00f6z\u00fcmler \u00fcreterek dikkat \u00e7ekmektedir. \u00d6zellikle fintech, sa\u011fl\u0131k teknolojileri ve e-ticaret alan\u0131ndaki giri\u015fimler, yenilik\u00e7i \u00fcr\u00fcn ve hizmetlerle pazar\u0131n dinamiklerini de\u011fi\u015ftirmektedir.<\/p>\n<h4>Verilerin \u00d6nemi ve Altyap\u0131 Geli\u015fimi<\/p>\n<p>Yapay zeka uygulamalar\u0131n\u0131n ba\u015far\u0131s\u0131, b\u00fcy\u00fck \u00f6l\u00e7\u00fcde verilerin kalitesine ve eri\u015filebilirli\u011fine ba\u011fl\u0131d\u0131r. T\u00fcrkiye&#8217;nin veri altyap\u0131s\u0131n\u0131n g\u00fc\u00e7lendirilmesi, yapay zeka sistemlerinin etkinli\u011fini art\u0131racakt\u0131r. Bu noktada, veri gizlili\u011fi ve etik kullan\u0131m konular\u0131nda bilin\u00e7li bir yakla\u015f\u0131m geli\u015ftirilmesi gerekmektedir. Kullan\u0131c\u0131 verilerinin g\u00fcvenli bir \u015fekilde toplanmas\u0131 ve y\u00f6netilmesi, hem kullan\u0131c\u0131 mahremiyetini koruyacak hem de yapay zeka uygulamalar\u0131na olan g\u00fcveni art\u0131racakt\u0131r.<\/p>\n<h4>T\u00fcrkiye&#8217;de Yapay Zeka E\u011fitiminde Yenilikler<\/p>\n<p>E\u011fitim, T\u00fcrkiye&#8217;nin yapay zeka alan\u0131ndaki b\u00fcy\u00fcmesine \u00f6nemli katk\u0131larda bulunmaktad\u0131r. Y\u00fcksek\u00f6\u011fretim kurumlar\u0131, yapay zeka ve veri bilimi \u00fczerine yeni m\u00fcfredatlar sunarak \u00f6\u011frencilere bu alanda derinlemesine bilgi sa\u011flamaktad\u0131r. Ayr\u0131ca, \u00e7e\u015fitli online platformlar ve kurslar, daha geni\u015f bir kitleye ula\u015farak yapay zeka e\u011fitimi sa\u011flamaktad\u0131r. Bunun yan\u0131nda, sekt\u00f6rdeki profesyonellerin g\u00fcncel kalabilmesi i\u00e7in s\u00fcrekli e\u011fitim programlar\u0131 \u00f6nem kazanmaktad\u0131r.<\/p>\n<h4>Uluslararas\u0131 Rekabet ve \u0130\u015fbirli\u011fi<\/p>\n<p>T\u00fcrkiye&#8217;nin yapay zeka alan\u0131ndaki s\u0131ralamas\u0131, yaln\u0131zca i\u00e7 dinamiklerle de\u011fil, ayn\u0131 zamanda uluslararas\u0131 i\u015fbirlikleriyle de \u015fekillenecektir. Avrupa Birli\u011fi projeleri, ortak ara\u015ft\u0131rma programlar\u0131 ve global teknoloji fuarlar\u0131na kat\u0131l\u0131m, T\u00fcrkiye\u2019nin yapay zeka alan\u0131ndaki varl\u0131\u011f\u0131n\u0131 g\u00fc\u00e7lendirebilir. T\u00fcrk giri\u015fimlerinin, uluslararas\u0131 a\u011flar ve i\u015fbirlikleri arac\u0131l\u0131\u011f\u0131yla b\u00fcy\u00fcmesi, bilgi payla\u015f\u0131m\u0131 ve deneyim aktar\u0131m\u0131 a\u00e7\u0131s\u0131ndan b\u00fcy\u00fck avantaj sa\u011flayacakt\u0131r.<\/p>\n<h3>Gelece\u011fe Dair \u00d6ng\u00f6r\u00fcler<\/p>\n<p>T\u00fcrkiye, yapay zeka alan\u0131nda d\u00fcnya genelinde daha iyi yerlere gelmek i\u00e7in b\u00fcy\u00fck bir potansiyele sahiptir. Ancak, bu potansiyelin ger\u00e7e\u011fe d\u00f6n\u00fc\u015febilmesi i\u00e7in toplumsal bilincin art\u0131r\u0131lmas\u0131, altyap\u0131n\u0131n g\u00fc\u00e7lendirilmesi ve nesiller boyu s\u00fcrecek bir bilgi birikiminin olu\u015fturulmas\u0131 gerekmektedir. E\u011fitim sistemindeki reformlar, \u00f6zel sekt\u00f6r ve devlet i\u015fbirlikleri, yat\u0131r\u0131m ve inovasyon destekleri, T\u00fcrkiye&#8217;nin yapay zeka yolculu\u011funda belirleyici fakt\u00f6rler olacakt\u0131r.<\/p>\n<h3>Sonu\u00e7<\/p>\n<p>T\u00fcrkiye&#8217;nin yapay zeka alan\u0131ndaki yeri, yaln\u0131zca s\u0131ralamalardan ibaret de\u011fil; ayn\u0131 zamanda gelecekteki ekonomik ve toplumsal d\u00f6n\u00fc\u015f\u00fcm i\u00e7in bir f\u0131rsat sunmaktad\u0131r. T\u00fcrkiye, yapay zeka odakl\u0131 stratejiler geli\u015ftirmeye ve bu alandaki potansiyelini en iyi \u015fekilde kullanmaya y\u00f6nelik ad\u0131mlar atmal\u0131d\u0131r. Yapay zekan\u0131n sundu\u011fu f\u0131rsatlar\u0131 de\u011ferlendirmek, T\u00fcrkiye&#8217;nin uluslararas\u0131 arenada daha rekabet\u00e7i bir konuma gelmesini sa\u011flayabilir.<\/p>\n<p><strong>Anahtar Kelimeler:<\/strong> T\u00fcrkiye yapay zeka s\u0131ras\u0131, yapay zeka stratejileri, yapay zeka projeleri, veri altyap\u0131s\u0131, yapay zeka e\u011fitim reformlar\u0131, uluslararas\u0131 yapay zeka i\u015fbirlikleri, T\u00fcrkiye yapay zeka gelecek \u00f6ng\u00f6r\u00fcleri.<\/p>\n<p>Bu makale, T\u00fcrkiye&#8217;nin yapay zeka potansiyelini, mevcut durumunu ve gelece\u011fe dair at\u0131lacak ad\u0131mlar\u0131 ele alarak, okuyuculara derinlemesine bir bak\u0131\u015f sa\u011flamay\u0131 ama\u00e7lamaktad\u0131r.<\/p>\n","protected":false},"excerpt":{"rendered":"<p>&#8220;T\u00fcrkiye yapay zeka alan\u0131nda global s\u0131ralamada nerede? Bu yaz\u0131da, T\u00fcrkiye&#8217;nin yapay zeka ara\u015ft\u0131rmalar\u0131, geli\u015fmeleri ve uluslararas\u0131 konumu hakk\u0131nda g\u00fcncel verilerle kapsaml\u0131 bir de\u011ferlendirme yap\u0131lmaktad\u0131r. T\u00fcrkiye&#8217;nin yapay zeka ekosistemindeki yerini ke\u015ffedin!&#8221;<\/p>\n","protected":false},"author":1,"featured_media":0,"comment_status":"open","ping_status":"open","sticky":false,"template":"","format":"standard","meta":{"footnotes":""},"categories":[],"tags":[],"class_list":["post-2187","post","type-post","status-publish","format-standard","hentry"],"yoast_head":"<!-- This site is optimized with the Yoast SEO plugin v25.0 - https:\/\/yoast.com\/wordpress\/plugins\/seo\/ -->\n<title>T\u00fcrkiye&#039;nin Yapay Zeka S\u0131ralamas\u0131ndaki Yeri: 2023 \u0130statistikleri - SEF Education<\/title>\n<meta name=\"description\" content=\"&quot;T\u00fcrkiye yapay zeka alan\u0131nda global s\u0131ralamada nerede? Bu yaz\u0131da, T\u00fcrkiye&#039;nin yapay zeka ara\u015ft\u0131rmalar\u0131, geli\u015fmeleri ve uluslararas\u0131 konumu hakk\u0131nda g\u00fcncel verilerle kapsaml\u0131 bir de\u011ferlendirme yap\u0131lmaktad\u0131r. T\u00fcrkiye&#039;nin yapay zeka ekosistemindeki yerini ke\u015ffedin!&quot;\" \/>\n<meta name=\"robots\" content=\"index, follow, max-snippet:-1, max-image-preview:large, max-video-preview:-1\" \/>\n<link rel=\"canonical\" href=\"https:\/\/sefedu.com.tr\/index.php\/2025\/02\/08\/elbette-turkiye-yapay-zekada-kacinci-sirada-konusunu-ele-alan-bir-icerik-icin-asagidaki-gibi-bir-link-basligi-onerisi-olusturabilirsinizlink-basligi-turkiyenin-yapay-zeka-alaninda\/\" \/>\n<meta property=\"og:locale\" content=\"tr_TR\" \/>\n<meta property=\"og:type\" content=\"article\" \/>\n<meta property=\"og:title\" content=\"T\u00fcrkiye&#039;nin Yapay Zeka S\u0131ralamas\u0131ndaki Yeri: 2023 \u0130statistikleri - SEF Education\" \/>\n<meta property=\"og:description\" content=\"&quot;T\u00fcrkiye yapay zeka alan\u0131nda global s\u0131ralamada nerede? Bu yaz\u0131da, T\u00fcrkiye&#039;nin yapay zeka ara\u015ft\u0131rmalar\u0131, geli\u015fmeleri ve uluslararas\u0131 konumu hakk\u0131nda g\u00fcncel verilerle kapsaml\u0131 bir de\u011ferlendirme yap\u0131lmaktad\u0131r. T\u00fcrkiye&#039;nin yapay zeka ekosistemindeki yerini ke\u015ffedin!&quot;\" \/>\n<meta property=\"og:url\" content=\"https:\/\/sefedu.com.tr\/index.php\/2025\/02\/08\/elbette-turkiye-yapay-zekada-kacinci-sirada-konusunu-ele-alan-bir-icerik-icin-asagidaki-gibi-bir-link-basligi-onerisi-olusturabilirsinizlink-basligi-turkiyenin-yapay-zeka-alaninda\/\" \/>\n<meta property=\"og:site_name\" content=\"SEF Education\" \/>\n<meta property=\"article:publisher\" content=\"https:\/\/www.facebook.com\/profile.php?id=61559411172122\" \/>\n<meta property=\"article:published_time\" content=\"2025-02-07T21:29:24+00:00\" \/>\n<meta name=\"author\" content=\"Musab \u00c7elikba\u015f\" \/>\n<meta name=\"twitter:card\" content=\"summary_large_image\" \/>\n<meta name=\"twitter:label1\" content=\"Yazan:\" \/>\n\t<meta name=\"twitter:data1\" content=\"Musab \u00c7elikba\u015f\" \/>\n\t<meta name=\"twitter:label2\" content=\"Tahmini okuma s\u00fcresi\" \/>\n\t<meta name=\"twitter:data2\" content=\"4 dakika\" \/>\n<script type=\"application\/ld+json\" class=\"yoast-schema-graph\">{\"@context\":\"https:\/\/schema.org\",\"@graph\":[{\"@type\":\"Article\",\"@id\":\"https:\/\/sefedu.com.tr\/index.php\/2025\/02\/08\/elbette-turkiye-yapay-zekada-kacinci-sirada-konusunu-ele-alan-bir-icerik-icin-asagidaki-gibi-bir-link-basligi-onerisi-olusturabilirsinizlink-basligi-turkiyenin-yapay-zeka-alaninda\/#article\",\"isPartOf\":{\"@id\":\"https:\/\/sefedu.com.tr\/index.php\/2025\/02\/08\/elbette-turkiye-yapay-zekada-kacinci-sirada-konusunu-ele-alan-bir-icerik-icin-asagidaki-gibi-bir-link-basligi-onerisi-olusturabilirsinizlink-basligi-turkiyenin-yapay-zeka-alaninda\/\"},\"author\":{\"name\":\"Musab \u00c7elikba\u015f\",\"@id\":\"https:\/\/sefedu.com.tr\/#\/schema\/person\/e657e3d380d760ae528d1780c450d2b0\"},\"headline\":\"T\u00fcrkiye&#8217;nin Yapay Zeka S\u0131ralamas\u0131ndaki Yeri: 2023 \u0130statistikleri\",\"datePublished\":\"2025-02-07T21:29:24+00:00\",\"mainEntityOfPage\":{\"@id\":\"https:\/\/sefedu.com.tr\/index.php\/2025\/02\/08\/elbette-turkiye-yapay-zekada-kacinci-sirada-konusunu-ele-alan-bir-icerik-icin-asagidaki-gibi-bir-link-basligi-onerisi-olusturabilirsinizlink-basligi-turkiyenin-yapay-zeka-alaninda\/\"},\"wordCount\":846,\"commentCount\":0,\"publisher\":{\"@id\":\"https:\/\/sefedu.com.tr\/#organization\"},\"inLanguage\":\"tr\",\"potentialAction\":[{\"@type\":\"CommentAction\",\"name\":\"Comment\",\"target\":[\"https:\/\/sefedu.com.tr\/index.php\/2025\/02\/08\/elbette-turkiye-yapay-zekada-kacinci-sirada-konusunu-ele-alan-bir-icerik-icin-asagidaki-gibi-bir-link-basligi-onerisi-olusturabilirsinizlink-basligi-turkiyenin-yapay-zeka-alaninda\/#respond\"]}]},{\"@type\":\"WebPage\",\"@id\":\"https:\/\/sefedu.com.tr\/index.php\/2025\/02\/08\/elbette-turkiye-yapay-zekada-kacinci-sirada-konusunu-ele-alan-bir-icerik-icin-asagidaki-gibi-bir-link-basligi-onerisi-olusturabilirsinizlink-basligi-turkiyenin-yapay-zeka-alaninda\/\",\"url\":\"https:\/\/sefedu.com.tr\/index.php\/2025\/02\/08\/elbette-turkiye-yapay-zekada-kacinci-sirada-konusunu-ele-alan-bir-icerik-icin-asagidaki-gibi-bir-link-basligi-onerisi-olusturabilirsinizlink-basligi-turkiyenin-yapay-zeka-alaninda\/\",\"name\":\"T\u00fcrkiye'nin Yapay Zeka S\u0131ralamas\u0131ndaki Yeri: 2023 \u0130statistikleri - SEF Education\",\"isPartOf\":{\"@id\":\"https:\/\/sefedu.com.tr\/#website\"},\"datePublished\":\"2025-02-07T21:29:24+00:00\",\"description\":\"\\\"T\u00fcrkiye yapay zeka alan\u0131nda global s\u0131ralamada nerede? Bu yaz\u0131da, T\u00fcrkiye'nin yapay zeka ara\u015ft\u0131rmalar\u0131, geli\u015fmeleri ve uluslararas\u0131 konumu hakk\u0131nda g\u00fcncel verilerle kapsaml\u0131 bir de\u011ferlendirme yap\u0131lmaktad\u0131r. T\u00fcrkiye'nin yapay zeka ekosistemindeki yerini ke\u015ffedin!\\\"\",\"breadcrumb\":{\"@id\":\"https:\/\/sefedu.com.tr\/index.php\/2025\/02\/08\/elbette-turkiye-yapay-zekada-kacinci-sirada-konusunu-ele-alan-bir-icerik-icin-asagidaki-gibi-bir-link-basligi-onerisi-olusturabilirsinizlink-basligi-turkiyenin-yapay-zeka-alaninda\/#breadcrumb\"},\"inLanguage\":\"tr\",\"potentialAction\":[{\"@type\":\"ReadAction\",\"target\":[\"https:\/\/sefedu.com.tr\/index.php\/2025\/02\/08\/elbette-turkiye-yapay-zekada-kacinci-sirada-konusunu-ele-alan-bir-icerik-icin-asagidaki-gibi-bir-link-basligi-onerisi-olusturabilirsinizlink-basligi-turkiyenin-yapay-zeka-alaninda\/\"]}]},{\"@type\":\"BreadcrumbList\",\"@id\":\"https:\/\/sefedu.com.tr\/index.php\/2025\/02\/08\/elbette-turkiye-yapay-zekada-kacinci-sirada-konusunu-ele-alan-bir-icerik-icin-asagidaki-gibi-bir-link-basligi-onerisi-olusturabilirsinizlink-basligi-turkiyenin-yapay-zeka-alaninda\/#breadcrumb\",\"itemListElement\":[{\"@type\":\"ListItem\",\"position\":1,\"name\":\"Anasayfa\",\"item\":\"https:\/\/sefedu.com.tr\/\"},{\"@type\":\"ListItem\",\"position\":2,\"name\":\"T\u00fcrkiye&#8217;nin Yapay Zeka S\u0131ralamas\u0131ndaki Yeri: 2023 \u0130statistikleri\"}]},{\"@type\":\"WebSite\",\"@id\":\"https:\/\/sefedu.com.tr\/#website\",\"url\":\"https:\/\/sefedu.com.tr\/\",\"name\":\"SEF Education\",\"description\":\"\u00c7ocu\u011funuzu gelece\u011fe haz\u0131rlay\u0131n!\",\"publisher\":{\"@id\":\"https:\/\/sefedu.com.tr\/#organization\"},\"potentialAction\":[{\"@type\":\"SearchAction\",\"target\":{\"@type\":\"EntryPoint\",\"urlTemplate\":\"https:\/\/sefedu.com.tr\/?s={search_term_string}\"},\"query-input\":{\"@type\":\"PropertyValueSpecification\",\"valueRequired\":true,\"valueName\":\"search_term_string\"}}],\"inLanguage\":\"tr\"},{\"@type\":\"Organization\",\"@id\":\"https:\/\/sefedu.com.tr\/#organization\",\"name\":\"SEF Education\",\"url\":\"https:\/\/sefedu.com.tr\/\",\"logo\":{\"@type\":\"ImageObject\",\"inLanguage\":\"tr\",\"@id\":\"https:\/\/sefedu.com.tr\/#\/schema\/logo\/image\/\",\"url\":\"https:\/\/sefedu.com.tr\/wp-content\/uploads\/2024\/09\/cropped-SEFAVM.png\",\"contentUrl\":\"https:\/\/sefedu.com.tr\/wp-content\/uploads\/2024\/09\/cropped-SEFAVM.png\",\"width\":512,\"height\":512,\"caption\":\"SEF Education\"},\"image\":{\"@id\":\"https:\/\/sefedu.com.tr\/#\/schema\/logo\/image\/\"},\"sameAs\":[\"https:\/\/www.facebook.com\/profile.php?id=61559411172122\",\"https:\/\/www.instagram.com\/sefeducation\/\"]},{\"@type\":\"Person\",\"@id\":\"https:\/\/sefedu.com.tr\/#\/schema\/person\/e657e3d380d760ae528d1780c450d2b0\",\"name\":\"Musab \u00c7elikba\u015f\",\"image\":{\"@type\":\"ImageObject\",\"inLanguage\":\"tr\",\"@id\":\"https:\/\/sefedu.com.tr\/#\/schema\/person\/image\/\",\"url\":\"https:\/\/secure.gravatar.com\/avatar\/a23dd9280c34bf92a6d366517a159d305f4673c0c70d838865622beb1fa485b5?s=96&d=mm&r=g\",\"contentUrl\":\"https:\/\/secure.gravatar.com\/avatar\/a23dd9280c34bf92a6d366517a159d305f4673c0c70d838865622beb1fa485b5?s=96&d=mm&r=g\",\"caption\":\"Musab \u00c7elikba\u015f\"},\"sameAs\":[\"https:\/\/sefedu.com.tr\"],\"url\":\"https:\/\/sefedu.com.tr\/index.php\/author\/musabc3161gmail-com\/\"}]}<\/script>\n<!-- \/ Yoast SEO plugin. -->","yoast_head_json":{"title":"T\u00fcrkiye'nin Yapay Zeka S\u0131ralamas\u0131ndaki Yeri: 2023 \u0130statistikleri - SEF Education","description":"\"T\u00fcrkiye yapay zeka alan\u0131nda global s\u0131ralamada nerede? Bu yaz\u0131da, T\u00fcrkiye'nin yapay zeka ara\u015ft\u0131rmalar\u0131, geli\u015fmeleri ve uluslararas\u0131 konumu hakk\u0131nda g\u00fcncel verilerle kapsaml\u0131 bir de\u011ferlendirme yap\u0131lmaktad\u0131r. T\u00fcrkiye'nin yapay zeka ekosistemindeki yerini ke\u015ffedin!\"","robots":{"index":"index","follow":"follow","max-snippet":"max-snippet:-1","max-image-preview":"max-image-preview:large","max-video-preview":"max-video-preview:-1"},"canonical":"https:\/\/sefedu.com.tr\/index.php\/2025\/02\/08\/elbette-turkiye-yapay-zekada-kacinci-sirada-konusunu-ele-alan-bir-icerik-icin-asagidaki-gibi-bir-link-basligi-onerisi-olusturabilirsinizlink-basligi-turkiyenin-yapay-zeka-alaninda\/","og_locale":"tr_TR","og_type":"article","og_title":"T\u00fcrkiye'nin Yapay Zeka S\u0131ralamas\u0131ndaki Yeri: 2023 \u0130statistikleri - SEF Education","og_description":"\"T\u00fcrkiye yapay zeka alan\u0131nda global s\u0131ralamada nerede? Bu yaz\u0131da, T\u00fcrkiye'nin yapay zeka ara\u015ft\u0131rmalar\u0131, geli\u015fmeleri ve uluslararas\u0131 konumu hakk\u0131nda g\u00fcncel verilerle kapsaml\u0131 bir de\u011ferlendirme yap\u0131lmaktad\u0131r. T\u00fcrkiye'nin yapay zeka ekosistemindeki yerini ke\u015ffedin!\"","og_url":"https:\/\/sefedu.com.tr\/index.php\/2025\/02\/08\/elbette-turkiye-yapay-zekada-kacinci-sirada-konusunu-ele-alan-bir-icerik-icin-asagidaki-gibi-bir-link-basligi-onerisi-olusturabilirsinizlink-basligi-turkiyenin-yapay-zeka-alaninda\/","og_site_name":"SEF Education","article_publisher":"https:\/\/www.facebook.com\/profile.php?id=61559411172122","article_published_time":"2025-02-07T21:29:24+00:00","author":"Musab \u00c7elikba\u015f","twitter_card":"summary_large_image","twitter_misc":{"Yazan:":"Musab \u00c7elikba\u015f","Tahmini okuma s\u00fcresi":"4 dakika"},"schema":{"@context":"https:\/\/schema.org","@graph":[{"@type":"Article","@id":"https:\/\/sefedu.com.tr\/index.php\/2025\/02\/08\/elbette-turkiye-yapay-zekada-kacinci-sirada-konusunu-ele-alan-bir-icerik-icin-asagidaki-gibi-bir-link-basligi-onerisi-olusturabilirsinizlink-basligi-turkiyenin-yapay-zeka-alaninda\/#article","isPartOf":{"@id":"https:\/\/sefedu.com.tr\/index.php\/2025\/02\/08\/elbette-turkiye-yapay-zekada-kacinci-sirada-konusunu-ele-alan-bir-icerik-icin-asagidaki-gibi-bir-link-basligi-onerisi-olusturabilirsinizlink-basligi-turkiyenin-yapay-zeka-alaninda\/"},"author":{"name":"Musab \u00c7elikba\u015f","@id":"https:\/\/sefedu.com.tr\/#\/schema\/person\/e657e3d380d760ae528d1780c450d2b0"},"headline":"T\u00fcrkiye&#8217;nin Yapay Zeka S\u0131ralamas\u0131ndaki Yeri: 2023 \u0130statistikleri","datePublished":"2025-02-07T21:29:24+00:00","mainEntityOfPage":{"@id":"https:\/\/sefedu.com.tr\/index.php\/2025\/02\/08\/elbette-turkiye-yapay-zekada-kacinci-sirada-konusunu-ele-alan-bir-icerik-icin-asagidaki-gibi-bir-link-basligi-onerisi-olusturabilirsinizlink-basligi-turkiyenin-yapay-zeka-alaninda\/"},"wordCount":846,"commentCount":0,"publisher":{"@id":"https:\/\/sefedu.com.tr\/#organization"},"inLanguage":"tr","potentialAction":[{"@type":"CommentAction","name":"Comment","target":["https:\/\/sefedu.com.tr\/index.php\/2025\/02\/08\/elbette-turkiye-yapay-zekada-kacinci-sirada-konusunu-ele-alan-bir-icerik-icin-asagidaki-gibi-bir-link-basligi-onerisi-olusturabilirsinizlink-basligi-turkiyenin-yapay-zeka-alaninda\/#respond"]}]},{"@type":"WebPage","@id":"https:\/\/sefedu.com.tr\/index.php\/2025\/02\/08\/elbette-turkiye-yapay-zekada-kacinci-sirada-konusunu-ele-alan-bir-icerik-icin-asagidaki-gibi-bir-link-basligi-onerisi-olusturabilirsinizlink-basligi-turkiyenin-yapay-zeka-alaninda\/","url":"https:\/\/sefedu.com.tr\/index.php\/2025\/02\/08\/elbette-turkiye-yapay-zekada-kacinci-sirada-konusunu-ele-alan-bir-icerik-icin-asagidaki-gibi-bir-link-basligi-onerisi-olusturabilirsinizlink-basligi-turkiyenin-yapay-zeka-alaninda\/","name":"T\u00fcrkiye'nin Yapay Zeka S\u0131ralamas\u0131ndaki Yeri: 2023 \u0130statistikleri - SEF Education","isPartOf":{"@id":"https:\/\/sefedu.com.tr\/#website"},"datePublished":"2025-02-07T21:29:24+00:00","description":"\"T\u00fcrkiye yapay zeka alan\u0131nda global s\u0131ralamada nerede? Bu yaz\u0131da, T\u00fcrkiye'nin yapay zeka ara\u015ft\u0131rmalar\u0131, geli\u015fmeleri ve uluslararas\u0131 konumu hakk\u0131nda g\u00fcncel verilerle kapsaml\u0131 bir de\u011ferlendirme yap\u0131lmaktad\u0131r. T\u00fcrkiye'nin yapay zeka ekosistemindeki yerini ke\u015ffedin!\"","breadcrumb":{"@id":"https:\/\/sefedu.com.tr\/index.php\/2025\/02\/08\/elbette-turkiye-yapay-zekada-kacinci-sirada-konusunu-ele-alan-bir-icerik-icin-asagidaki-gibi-bir-link-basligi-onerisi-olusturabilirsinizlink-basligi-turkiyenin-yapay-zeka-alaninda\/#breadcrumb"},"inLanguage":"tr","potentialAction":[{"@type":"ReadAction","target":["https:\/\/sefedu.com.tr\/index.php\/2025\/02\/08\/elbette-turkiye-yapay-zekada-kacinci-sirada-konusunu-ele-alan-bir-icerik-icin-asagidaki-gibi-bir-link-basligi-onerisi-olusturabilirsinizlink-basligi-turkiyenin-yapay-zeka-alaninda\/"]}]},{"@type":"BreadcrumbList","@id":"https:\/\/sefedu.com.tr\/index.php\/2025\/02\/08\/elbette-turkiye-yapay-zekada-kacinci-sirada-konusunu-ele-alan-bir-icerik-icin-asagidaki-gibi-bir-link-basligi-onerisi-olusturabilirsinizlink-basligi-turkiyenin-yapay-zeka-alaninda\/#breadcrumb","itemListElement":[{"@type":"ListItem","position":1,"name":"Anasayfa","item":"https:\/\/sefedu.com.tr\/"},{"@type":"ListItem","position":2,"name":"T\u00fcrkiye&#8217;nin Yapay Zeka S\u0131ralamas\u0131ndaki Yeri: 2023 \u0130statistikleri"}]},{"@type":"WebSite","@id":"https:\/\/sefedu.com.tr\/#website","url":"https:\/\/sefedu.com.tr\/","name":"SEF Education","description":"\u00c7ocu\u011funuzu gelece\u011fe haz\u0131rlay\u0131n!","publisher":{"@id":"https:\/\/sefedu.com.tr\/#organization"},"potentialAction":[{"@type":"SearchAction","target":{"@type":"EntryPoint","urlTemplate":"https:\/\/sefedu.com.tr\/?s={search_term_string}"},"query-input":{"@type":"PropertyValueSpecification","valueRequired":true,"valueName":"search_term_string"}}],"inLanguage":"tr"},{"@type":"Organization","@id":"https:\/\/sefedu.com.tr\/#organization","name":"SEF Education","url":"https:\/\/sefedu.com.tr\/","logo":{"@type":"ImageObject","inLanguage":"tr","@id":"https:\/\/sefedu.com.tr\/#\/schema\/logo\/image\/","url":"https:\/\/sefedu.com.tr\/wp-content\/uploads\/2024\/09\/cropped-SEFAVM.png","contentUrl":"https:\/\/sefedu.com.tr\/wp-content\/uploads\/2024\/09\/cropped-SEFAVM.png","width":512,"height":512,"caption":"SEF Education"},"image":{"@id":"https:\/\/sefedu.com.tr\/#\/schema\/logo\/image\/"},"sameAs":["https:\/\/www.facebook.com\/profile.php?id=61559411172122","https:\/\/www.instagram.com\/sefeducation\/"]},{"@type":"Person","@id":"https:\/\/sefedu.com.tr\/#\/schema\/person\/e657e3d380d760ae528d1780c450d2b0","name":"Musab \u00c7elikba\u015f","image":{"@type":"ImageObject","inLanguage":"tr","@id":"https:\/\/sefedu.com.tr\/#\/schema\/person\/image\/","url":"https:\/\/secure.gravatar.com\/avatar\/a23dd9280c34bf92a6d366517a159d305f4673c0c70d838865622beb1fa485b5?s=96&d=mm&r=g","contentUrl":"https:\/\/secure.gravatar.com\/avatar\/a23dd9280c34bf92a6d366517a159d305f4673c0c70d838865622beb1fa485b5?s=96&d=mm&r=g","caption":"Musab \u00c7elikba\u015f"},"sameAs":["https:\/\/sefedu.com.tr"],"url":"https:\/\/sefedu.com.tr\/index.php\/author\/musabc3161gmail-com\/"}]}},"yoast_meta":{"yoast_wpseo_title":"","yoast_wpseo_metadesc":"","yoast_wpseo_canonical":""},"amp_enabled":true,"_links":{"self":[{"href":"https:\/\/sefedu.com.tr\/index.php\/wp-json\/wp\/v2\/posts\/2187","targetHints":{"allow":["GET"]}}],"collection":[{"href":"https:\/\/sefedu.com.tr\/index.php\/wp-json\/wp\/v2\/posts"}],"about":[{"href":"https:\/\/sefedu.com.tr\/index.php\/wp-json\/wp\/v2\/types\/post"}],"author":[{"embeddable":true,"href":"https:\/\/sefedu.com.tr\/index.php\/wp-json\/wp\/v2\/users\/1"}],"replies":[{"embeddable":true,"href":"https:\/\/sefedu.com.tr\/index.php\/wp-json\/wp\/v2\/comments?post=2187"}],"version-history":[{"count":0,"href":"https:\/\/sefedu.com.tr\/index.php\/wp-json\/wp\/v2\/posts\/2187\/revisions"}],"wp:attachment":[{"href":"https:\/\/sefedu.com.tr\/index.php\/wp-json\/wp\/v2\/media?parent=2187"}],"wp:term":[{"taxonomy":"category","embeddable":true,"href":"https:\/\/sefedu.com.tr\/index.php\/wp-json\/wp\/v2\/categories?post=2187"},{"taxonomy":"post_tag","embeddable":true,"href":"https:\/\/sefedu.com.tr\/index.php\/wp-json\/wp\/v2\/tags?post=2187"}],"curies":[{"name":"wp","href":"https:\/\/api.w.org\/{rel}","templated":true}]}}